{"id":227710,"date":"2026-01-14T03:19:14","date_gmt":"2026-01-14T03:19:14","guid":{"rendered":"https:\/\/www.europesays.com\/pt\/227710\/"},"modified":"2026-01-14T03:19:14","modified_gmt":"2026-01-14T03:19:14","slug":"pesquisa-revela-que-lua-rouba-a-atmosfera-da-terra-ha-bilhoes-de-anos","status":"publish","type":"post","link":"https:\/\/www.europesays.com\/pt\/227710\/","title":{"rendered":"Pesquisa revela que Lua rouba a atmosfera da Terra h\u00e1 bilh\u00f5es de anos"},"content":{"rendered":"<p class=\"my-5 break-words group-[.isActiveSource]:text-xl\"><strong class=\"group-[.isActiveSource]:text-xl group-[.isActiveSource]:font-bold\">Part\u00edculas da atmosfera terrestre t\u00eam sido transportadas para o espa\u00e7o pelo vento solar e aterrissado na Lua por bilh\u00f5es de anos<\/strong>, misturando-se ao solo lunar, de acordo com um novo estudo.<\/p>\n<p class=\"my-5 break-words group-[.isActiveSource]:text-xl\">A pesquisa lan\u00e7a nova luz sobre um enigma que persiste h\u00e1 mais de meio s\u00e9culo, desde que as <a href=\"https:\/\/www.cnnbrasil.com.br\/tecnologia\/astronauta-japones-mostra-aurora-boreal-vista-da-iss-assista\/\" target=\"_blank\" rel=\"noopener noreferrer nofollow\" class=\"text-red-600 underline hover:text-red-500 font-medium break-words group-[.isActiveSource]:text-xl\">miss\u00f5es<\/a> Apollo trouxeram amostras lunares com tra\u00e7os de <a href=\"https:\/\/www.cnnbrasil.com.br\/tecnologia\/estudo-levanta-duvidas-sobre-o-potencial-de-vida-em-europa-lua-de-jupiter\/\" target=\"_blank\" rel=\"noopener noreferrer nofollow\" class=\"text-red-600 underline hover:text-red-500 font-medium break-words group-[.isActiveSource]:text-xl\">subst\u00e2ncias <\/a>como \u00e1gua, di\u00f3xido de carbono, h\u00e9lio e nitrog\u00eanio incorporados ao regolito \u2014 a camada superficial empoeirada da Lua.<\/p>\n<p class=\"my-5 break-words group-[.isActiveSource]:text-xl\"><a href=\"https:\/\/adsabs.harvard.edu\/full\/1979LPICo.363...43T\" target=\"_blank\" rel=\"noopener noreferrer nofollow\" class=\"text-red-600 underline hover:text-red-500 font-medium break-words group-[.isActiveSource]:text-xl\">Estudos iniciais<\/a> teorizavam que o Sol era a fonte de algumas dessas subst\u00e2ncias. Mas em 2005, pesquisadores da Universidade de T\u00f3quio <a href=\"https:\/\/www.nature.com\/articles\/nature03929\" target=\"_blank\" rel=\"noopener noreferrer nofollow\" class=\"text-red-600 underline hover:text-red-500 font-medium break-words group-[.isActiveSource]:text-xl\">sugeriram<\/a> que elas tamb\u00e9m poderiam ter se originado da atmosfera de uma Terra jovem, antes do desenvolvimento de seu campo magn\u00e9tico h\u00e1 cerca de 3,7 bilh\u00f5es de anos.<\/p>\n<p class=\"my-5 break-words group-[.isActiveSource]:text-xl\">Os autores suspeitavam que o campo magn\u00e9tico, uma vez estabelecido, teria interrompido esse fluxo ao capturar as part\u00edculas e tornar dif\u00edcil ou imposs\u00edvel seu escape para o espa\u00e7o.<\/p>\n<p class=\"my-5 break-words group-[.isActiveSource]:text-xl\">Agora, a nova pesquisa contradiz essa suposi\u00e7\u00e3o ao sugerir que o campo magn\u00e9tico da Terra pode ter auxiliado, em vez de bloqueado, a transfer\u00eancia de part\u00edculas atmosf\u00e9ricas para a Lua \u2014 processo que continua at\u00e9 hoje.<\/p>\n<p class=\"my-5 break-words group-[.isActiveSource]:text-xl\">&#8220;Isso significa que a Terra tem fornecido gases vol\u00e1teis como oxig\u00eanio e nitrog\u00eanio ao solo lunar durante todo esse tempo&#8221;, afirmou Eric Blackman, coautor do novo estudo e professor do departamento de f\u00edsica e astronomia da Universidade de Rochester, em Nova York.<\/p>\n<p><img decoding=\"async\" src=\"https:\/\/www.europesays.com\/pt\/wp-content\/uploads\/2026\/01\/lua-terra.jpg\" alt=\"O piloto do m\u00f3dulo lunar da Apollo 17, Harrison Schmitt, coletou amostras lunares na Lua em 1972 \u2022 NASA via CNN Newsource\" width=\"849\" height=\"477\" class=\"flex size-full object-cover\" loading=\"lazy\"\/>O piloto do m\u00f3dulo lunar da Apollo 17, Harrison Schmitt, coletou amostras lunares na Lua em 1972 \u2022 NASA via CNN Newsource<\/p>\n<p class=\"my-5 break-words group-[.isActiveSource]:text-xl\">&#8220;H\u00e1 muito tempo acredita-se que o sat\u00e9lite natural se formou inicialmente a partir do impacto de um asteroide na proto-Terra, durante o qual houve uma grande mistura inicial desses elementos vol\u00e1teis do nosso planeta para a Lua&#8221;, acrescentou por e-mail.<\/p>\n<p class=\"my-5 break-words group-[.isActiveSource]:text-xl\">&#8220;Nossos resultados mostram que ainda h\u00e1 compartilhamento de vol\u00e1teis, mesmo ap\u00f3s bilh\u00f5es de anos.&#8221;<\/p>\n<p class=\"my-5 break-words group-[.isActiveSource]:text-xl\">A presen\u00e7a de elementos \u00fateis como oxig\u00eanio e hidrog\u00eanio na superf\u00edcie lunar pode ser de interesse para a explora\u00e7\u00e3o lunar.<\/p>\n<p class=\"my-5 break-words group-[.isActiveSource]:text-xl\">&#8220;As miss\u00f5es lunares, e eventualmente as col\u00f4nias lunares que possam surgir um dia, provavelmente precisar\u00e3o ter recursos autossustent\u00e1veis que n\u00e3o precisem ser transportados da Terra&#8221;, disse Blackman.<\/p>\n<p class=\"my-5 break-words group-[.isActiveSource]:text-xl\">&#8220;Por exemplo, as pessoas t\u00eam estudado como poderiam processar \u00e1gua do regolito lunar e extrair hidrog\u00eanio e oxig\u00eanio para produzir combust\u00edvel. Existem tamb\u00e9m estudos sobre combust\u00edvel \u00e0 base de am\u00f4nia que aproveitariam o nitrog\u00eanio transportado para a Lua pelo e no vento solar.&#8221;<\/p>\n<p class=\"my-5 break-words group-[.isActiveSource]:text-xl\">Assim, esse material transportado pelo vento solar vai para o solo e se torna parte do recurso local que tais inova\u00e7\u00f5es poderiam explorar.<\/p>\n<p><img decoding=\"async\" src=\"https:\/\/www.europesays.com\/pt\/wp-content\/uploads\/2026\/01\/lua-terra-1.jpg\" alt=\"Amostras lunares da Apollo 14 foram analisadas em uma instala\u00e7\u00e3o de quarentena em 1971 \u2022 NASA via CNN Newsource\" width=\"849\" height=\"477\" class=\"flex size-full object-cover\" loading=\"lazy\"\/>Amostras lunares da Apollo 14 foram analisadas em uma instala\u00e7\u00e3o de quarentena em 1971 \u2022 NASA via CNN Newsource<br \/>\nUm valioso registro qu\u00edmico<\/p>\n<p class=\"my-5 break-words group-[.isActiveSource]:text-xl\">Para o novo estudo, os pesquisadores utilizaram simula\u00e7\u00f5es computacionais e testaram dois cen\u00e1rios. Um com vento solar forte \u2014 um fluxo de alta velocidade de part\u00edculas vindas do Sol \u2014 e sem campo magn\u00e9tico ao redor da Terra.<\/p>\n<p class=\"my-5 break-words group-[.isActiveSource]:text-xl\">O outro com vento solar mais fraco e um forte campo magn\u00e9tico ao redor da Terra. Os cen\u00e1rios correspondem aproximadamente a um estado antigo e moderno do nosso planeta. A simula\u00e7\u00e3o da Terra moderna provou ser o mais eficaz na transfer\u00eancia de fragmentos da atmosfera terrestre para a Lua.<\/p>\n<p class=\"my-5 break-words group-[.isActiveSource]:text-xl\">Os pesquisadores ent\u00e3o compararam os resultados com dados obtidos diretamente da an\u00e1lise do solo lunar em <a href=\"https:\/\/www.science.org\/doi\/10.1126\/science.290.5494.1142\" target=\"_blank\" rel=\"noopener noreferrer nofollow\" class=\"text-red-600 underline hover:text-red-500 font-medium break-words group-[.isActiveSource]:text-xl\">estudos<\/a> <a href=\"https:\/\/iopscience.iop.org\/article\/10.1086\/378402\" target=\"_blank\" rel=\"noopener noreferrer nofollow\" class=\"text-red-600 underline hover:text-red-500 font-medium break-words group-[.isActiveSource]:text-xl\">anteriores<\/a>.<\/p>\n<p class=\"my-5 break-words group-[.isActiveSource]:text-xl\">&#8220;Utilizamos amostras lunares trazidas \u00e0 Terra pelas miss\u00f5es Apollo 14 e 17 para validar nossos resultados&#8221;, disse Shubhonkar Paramanick, estudante de p\u00f3s-gradua\u00e7\u00e3o no departamento de f\u00edsica e astronomia da Universidade de Rochester. Paramanick foi o autor principal do estudo, publicado em dezembro na revista <a href=\"https:\/\/www.nature.com\/articles\/s43247-025-02960-4\" target=\"_blank\" rel=\"noopener noreferrer nofollow\" class=\"text-red-600 underline hover:text-red-500 font-medium break-words group-[.isActiveSource]:text-xl\">Nature Communications Earth &amp; Environment<\/a>.<\/p>\n<p class=\"my-5 break-words group-[.isActiveSource]:text-xl\">&#8220;Temos esse vento solar chegando \u00e0 atmosfera terrestre, e ent\u00e3o a atmosfera terrestre escapando. Ent\u00e3o, tentamos determinar qual seria a propor\u00e7\u00e3o dessa mistura, ou distinguir quais part\u00edculas s\u00e3o de origem solar e quais s\u00e3o de origem terrestre&#8221;, acrescentou ele.<\/p>\n<p class=\"my-5 break-words group-[.isActiveSource]:text-xl\">O campo magn\u00e9tico da Terra \u00e9 gerado por correntes el\u00e9tricas produzidas pelo movimento de ferro e n\u00edquel derretidos no n\u00facleo externo l\u00edquido do planeta. Ele se estende longe no espa\u00e7o, formando um escudo que desvia grande parte do vento solar, que de outra forma eroderia a atmosfera.<\/p>\n<p class=\"my-5 break-words group-[.isActiveSource]:text-xl\">Quando o campo magn\u00e9tico interage com o vento solar, cria uma magnetosfera \u2014 uma estrutura semelhante a um cometa com uma frente comprimida e uma longa cauda. Quando part\u00edculas do vento solar s\u00e3o canalizadas ao longo das linhas da magnetosfera pr\u00f3ximas aos polos, obtemos auroras, tamb\u00e9m conhecidas como luzes do norte e do sul.<\/p>\n<p class=\"my-5 break-words group-[.isActiveSource]:text-xl\">A forma da magnetosfera explica por que o vento solar pode arrancar algumas part\u00edculas da atmosfera da Terra e gui\u00e1-las para o espa\u00e7o.<\/p>\n<p class=\"my-5 break-words group-[.isActiveSource]:text-xl\">De acordo com Blackman, isso tamb\u00e9m permite que uma fra\u00e7\u00e3o maior da atmosfera terrestre seja transportada para a Lua em compara\u00e7\u00e3o com o modelo n\u00e3o magnetizado ou da Terra antiga.<\/p>\n<p class=\"my-5 break-words group-[.isActiveSource]:text-xl\">&#8220;O campo magn\u00e9tico n\u00e3o \u00e9 puramente protetor por duas raz\u00f5es: ele possui uma press\u00e3o que de certa forma infla a atmosfera da Terra, dando ao vento solar um pouco mais de acesso \u00e0 atmosfera&#8221;, explicou ele.<\/p>\n<p class=\"my-5 break-words group-[.isActiveSource]:text-xl\">&#8220;E quando a Lua est\u00e1 em sua fase de lua cheia em sua \u00f3rbita, ela passa por uma regi\u00e3o chamada &#8220;cauda magn\u00e9tica&#8221;, onde o campo magn\u00e9tico abre um canal que permite que o material atmosf\u00e9rico soprado tome um caminho mais direto at\u00e9 a Lua.&#8221;<\/p>\n<p class=\"my-5 break-words group-[.isActiveSource]:text-xl\">A Lua passa pela cauda magn\u00e9tica durante alguns dias a cada m\u00eas, e as part\u00edculas pousam na superf\u00edcie lunar, onde se incorporam ao solo, j\u00e1 que a Lua n\u00e3o possui atmosfera para bloque\u00e1-las.<\/p>\n<p class=\"my-5 break-words group-[.isActiveSource]:text-xl\">Compreender a hist\u00f3ria dessa intera\u00e7\u00e3o entre a Lua e a Terra \u00e9 importante porque fornece um valioso registro qu\u00edmico, ou informa\u00e7\u00f5es sobre a atmosfera antiga da Terra que podem estar contidas no solo lunar, argumenta o estudo. A composi\u00e7\u00e3o da atmosfera, segundo Blackman, est\u00e1 conectada \u00e0 evolu\u00e7\u00e3o da vida em diferentes est\u00e1gios da hist\u00f3ria da Terra.<\/p>\n<p>Uma nova perspectiva<\/p>\n<p class=\"my-5 break-words group-[.isActiveSource]:text-xl\">Kentaro Terada, professor de cosmoqu\u00edmica isot\u00f3pica e geoqu\u00edmica da Universidade de Osaka, no Jap\u00e3o, disse estar satisfeito que suas observa\u00e7\u00f5es tenham sido teoricamente corroboradas. Terada liderou um <a href=\"https:\/\/www.nature.com\/articles\/s41550-016-0026\" target=\"_blank\" rel=\"noopener noreferrer nofollow\" class=\"text-red-600 underline hover:text-red-500 font-medium break-words group-[.isActiveSource]:text-xl\">estudo<\/a> em 2017 que mostrou como o vento solar e o campo magn\u00e9tico da Terra transportaram oxig\u00eanio para a Lua, mas n\u00e3o esteve envolvido na nova pesquisa.<\/p>\n<p class=\"my-5 break-words group-[.isActiveSource]:text-xl\">&#8220;H\u00e1 muito tempo se reconhece que a Terra e a Lua coevolu\u00edram fisicamente desde sua forma\u00e7\u00e3o&#8221;, afirmou ele por e-mail.<\/p>\n<p class=\"my-5 break-words group-[.isActiveSource]:text-xl\">A descoberta de meteoritos lunares e a observa\u00e7\u00e3o de fluxos de part\u00edculas da Terra carregados pelo vento solar revelam uma nova perspectiva: &#8220;os dois corpos tamb\u00e9m se influenciaram quimicamente \u2014 uma esp\u00e9cie de troca de material&#8221;, explicou ele, acrescentando que o artigo \u00e9 &#8220;extremamente empolgante em sua discuss\u00e3o abrangente sobre a hist\u00f3ria da Terra.&#8221;<\/p>\n<p><img decoding=\"async\" src=\"https:\/\/www.europesays.com\/pt\/wp-content\/uploads\/2026\/01\/lua-terra-2.jpg\" alt=\"Uma rocha brechada de regolito, com 3,2 bilh\u00f5es de anos, foi coletada pela Apollo 15 \u2022 Michael Wyke\/AP via CNN Newsource\" width=\"849\" height=\"477\" class=\"flex size-full object-cover\" loading=\"lazy\"\/>Uma rocha brechada de regolito, com 3,2 bilh\u00f5es de anos, foi coletada pela Apollo 15 \u2022 Michael Wyke\/AP via CNN Newsource<\/p>\n<p class=\"my-5 break-words group-[.isActiveSource]:text-xl\">A Lua guarda pistas sobre a hist\u00f3ria e evolu\u00e7\u00e3o da Terra, e este novo estudo refor\u00e7a essa no\u00e7\u00e3o, segundo Simeon Barber, pesquisador s\u00eanior da Universidade Open, no Reino Unido, que n\u00e3o participou do trabalho.<\/p>\n<p class=\"my-5 break-words group-[.isActiveSource]:text-xl\">O estudo tamb\u00e9m \u00e9 oportuno, acrescentou ele, devido \u00e0 recente aquisi\u00e7\u00e3o de novas amostras de solo lunar jovem pela miss\u00e3o Chang&#8221;e-5 da China em 2020, bem como as primeiras amostras do lado oculto da Lua pela Chang&#8221;e-6 em 2024, que oferecem a oportunidade de testar ainda mais as descobertas.<\/p>\n<p class=\"my-5 break-words group-[.isActiveSource]:text-xl\">Al\u00e9m disso, disse Barber, o trabalho vai auxiliar na interpreta\u00e7\u00e3o dos resultados de futuras sondas rob\u00f3ticas lunares capazes de medir diretamente os elementos vol\u00e1teis no regolito lunar.<\/p>\n","protected":false},"excerpt":{"rendered":"Part\u00edculas da atmosfera terrestre t\u00eam sido transportadas para o espa\u00e7o pelo vento solar e aterrissado na Lua por&hellip;\n","protected":false},"author":2,"featured_media":227711,"comment_status":"","ping_status":"","sticky":false,"template":"","format":"standard","meta":{"footnotes":""},"categories":[84],"tags":[109,107,108,32,33,105,103,104,106,110],"class_list":{"0":"post-227710","1":"post","2":"type-post","3":"status-publish","4":"format-standard","5":"has-post-thumbnail","7":"category-ciencia-e-tecnologia","8":"tag-ciencia","9":"tag-ciencia-e-tecnologia","10":"tag-cienciaetecnologia","11":"tag-portugal","12":"tag-pt","13":"tag-science","14":"tag-science-and-technology","15":"tag-scienceandtechnology","16":"tag-technology","17":"tag-tecnologia"},"share_on_mastodon":{"url":"https:\/\/pubeurope.com\/@pt\/115891297570554532","error":""},"_links":{"self":[{"href":"https:\/\/www.europesays.com\/pt\/wp-json\/wp\/v2\/posts\/227710","targetHints":{"allow":["GET"]}}],"collection":[{"href":"https:\/\/www.europesays.com\/pt\/wp-json\/wp\/v2\/posts"}],"about":[{"href":"https:\/\/www.europesays.com\/pt\/wp-json\/wp\/v2\/types\/post"}],"author":[{"embeddable":true,"href":"https:\/\/www.europesays.com\/pt\/wp-json\/wp\/v2\/users\/2"}],"replies":[{"embeddable":true,"href":"https:\/\/www.europesays.com\/pt\/wp-json\/wp\/v2\/comments?post=227710"}],"version-history":[{"count":0,"href":"https:\/\/www.europesays.com\/pt\/wp-json\/wp\/v2\/posts\/227710\/revisions"}],"wp:featuredmedia":[{"embeddable":true,"href":"https:\/\/www.europesays.com\/pt\/wp-json\/wp\/v2\/media\/227711"}],"wp:attachment":[{"href":"https:\/\/www.europesays.com\/pt\/wp-json\/wp\/v2\/media?parent=227710"}],"wp:term":[{"taxonomy":"category","embeddable":true,"href":"https:\/\/www.europesays.com\/pt\/wp-json\/wp\/v2\/categories?post=227710"},{"taxonomy":"post_tag","embeddable":true,"href":"https:\/\/www.europesays.com\/pt\/wp-json\/wp\/v2\/tags?post=227710"}],"curies":[{"name":"wp","href":"https:\/\/api.w.org\/{rel}","templated":true}]}}