{"id":227726,"date":"2026-01-14T03:39:15","date_gmt":"2026-01-14T03:39:15","guid":{"rendered":"https:\/\/www.europesays.com\/pt\/227726\/"},"modified":"2026-01-14T03:39:15","modified_gmt":"2026-01-14T03:39:15","slug":"quem-e-a-esposa-homenageada-no-discurso-de-vitoria-de-ator-no-globo-de-ouro-por-seu-amor-bruto","status":"publish","type":"post","link":"https:\/\/www.europesays.com\/pt\/227726\/","title":{"rendered":"Quem \u00e9 a esposa homenageada no discurso de vit\u00f3ria de ator no Globo de Ouro por seu &#8216;amor bruto&#8217;"},"content":{"rendered":"\n<p class=\" content-text__container theme-color-primary-first-letter\" data-track-category=\"Link no Texto\" data-track-links=\"\"> No \u00faltimo domingo, Stellan Skarsg\u00e5rd venceu o Globo de Ouro de Melhor Ator Coadjuvante de 2026 por seu trabalho em \u2018Valor Sentimental\u2019 (2025). O astro de 74 anos concorria com Benicio Del Toro, de \u2018Uma Batalha Ap\u00f3s a Outra\u2019 (2025), Jacob Elordi, de \u2018Frankenstein\u2019 (2025), Paul Mescal, de \u2018Hamnet: A Vida Antes de Hamlet\u2019 (2025), Sean Penn, de \u2018Uma Batalha Ap\u00f3s a Outra\u2019 (2025), e Adam Sandler, de \u2018Jay Kelly\u2019 (2025). <\/p>\n<p class=\" content-text__container \" data-track-category=\"Link no Texto\" data-track-links=\"\"> E, por isso, durante seu discurso de aceita\u00e7\u00e3o do pr\u00eamio, o ator sueco admitiu que estava surpreso por ter vencido, visto que, como brincou, achava que era \u201cmuito velho\u201d para conquistar a estatueta. Depois da brincadeira, por\u00e9m, ele logo aproveitou a sua fala para homenagear sua esposa, principalmente pelo seu \u201camor bruto\u201d. <\/p>\n<p>  Continuar lendo  <\/p>\n<p>      <img decoding=\"async\" class=\"content-media__image\"  src=\"https:\/\/www.europesays.com\/pt\/wp-content\/uploads\/2026\/01\/gettyimages-2255826103.jpg\" alt=\"Stellan Skarsg\u00e5rd com o Globo de Ouro de Melhor Ator Coadjuvante vencido por 'Valor Sentimental' (2025) \u2014 Foto: Getty Images\" width=\"8256\" height=\"5469\" loading=\"lazy\"\/>  Stellan Skarsg\u00e5rd com o Globo de Ouro de Melhor Ator Coadjuvante vencido por &#8216;Valor Sentimental&#8217; (2025) \u2014 Foto: Getty Images         <\/p>\n<p class=\" content-text__container \" data-track-category=\"Link no Texto\" data-track-links=\"\"> \u201cEu n\u00e3o vou passar os pr\u00f3ximos seis minutos agradecendo todos que estavam nos cr\u00e9ditos do filme, eles sabem que eu os amo\u201d, disparou. Ent\u00e3o, ele resolveu agradecer sua esposa, Megan Everett-Skarsg\u00e5rd. \u201cEu preciso agradecer minha esposa. Ela tem sido incr\u00edvel &#8211; uma esp\u00e9cie de apoio brutal, uma amante forte e muito educativa\u201d, destacou. <\/p>\n<p class=\" content-text__container \" data-track-category=\"Link no Texto\" data-track-links=\"\"> Casados desde 2009, Megan e Stellan possuem dois filhos: Ossian, de 16 anos, e Kolbj\u00f6rn, de 13. E, assim como o marido, ela tamb\u00e9m trabalha na ind\u00fastria do entretenimento, mas como roteirista e produtora. Segundo o IMDb, seus principais trabalhos incluem o filme \u2018German Autumn\u2019, a s\u00e9rie \u2018Fisher of Souls\u2019 e o filme \u2018What Remains\u2019 (2022) &#8211; estrelado por Stellan. <\/p>\n<p class=\" content-text__container \" data-track-category=\"Link no Texto\" data-track-links=\"\"> No come\u00e7o da carreira, Megan tamb\u00e9m tentou atuar, como revelou em uma postagem de 2018. Na foto, ela aparece em uma foto antiga e at\u00e9 brincou com esse fato na legenda: \u201cNingu\u00e9m acredita nos meus p\u00e9ssimos dias de atua\u00e7\u00e3o. Quanta vaidade. Est\u00e1 amarelada devido aos\u2026 ANOS\u201d, escreveu. <\/p>\n<p>        <img decoding=\"async\" class=\"content-media__image\"  src=\"https:\/\/www.europesays.com\/pt\/wp-content\/uploads\/2026\/01\/66a861f2-4b2c-4099-a818-a11b878d01f7.jpg\" alt=\"Megan Everett Skarsg\u00e5rd e Stellan Skarsg\u00e5rd \u2014 Foto: Reprodu\u00e7\u00e3o\/Instagram\" width=\"703\" height=\"429\" loading=\"lazy\"\/>  Megan Everett Skarsg\u00e5rd e Stellan Skarsg\u00e5rd \u2014 Foto: Reprodu\u00e7\u00e3o\/Instagram           <\/p>\n<p class=\" content-text__container \" data-track-category=\"Link no Texto\" data-track-links=\"\"> Al\u00e9m disso, Megan j\u00e1 escreveu dois livros infantis. O primeiro, Utsl\u00e4ngd fr\u00e5n zoo &#8211; que seria traduzido livremente como \u2018Expulsa do Zool\u00f3gico\u2019 &#8211; foi publicado em 2017 e ilustrado por Maria Nilsson Thore. J\u00e1 o segundo, Ett super-duper-fantastiskt camping\u00e4ventyr &#8211; traduzido livremente como \u2018Uma Aventura de Campo Extremamente Incr\u00edvel\u2019 -, tamb\u00e9m em parceira com Nilsson Thore, foi lan\u00e7ado em 2018. <\/p>\n<p class=\" content-text__container \" data-track-category=\"Link no Texto\" data-track-links=\"\"> Ambos os livros s\u00e3o sobre uma jovem garota chamada Emma e sua tia Meg, que a leva em aventuras malucas. As hist\u00f3rias foram inspiradas nas pr\u00f3prias experi\u00eancias de Megan incentivando sua sobrinha a fazer atividades de aventuras &#8211; as quais a pr\u00f3pria Megan gostaria de ter feito quando era pequena. <\/p>\n<p>        <img decoding=\"async\" class=\"content-media__image\"  src=\"https:\/\/www.europesays.com\/pt\/wp-content\/uploads\/2026\/01\/e27f5c9c-692d-4afc-b191-3a00597719b6.webp.jpeg\" alt=\"Capa do primeiro livro de Megan Everett Skarsg\u00e5rd \u2014 Foto: Reprodu\u00e7\u00e3o\" width=\"844\" height=\"960\" loading=\"lazy\"\/>  Capa do primeiro livro de Megan Everett Skarsg\u00e5rd \u2014 Foto: Reprodu\u00e7\u00e3o             <img decoding=\"async\" class=\"content-media__image\"  src=\"https:\/\/www.europesays.com\/pt\/wp-content\/uploads\/2026\/01\/06fbcf87-7d48-4a03-86a1-6f3df94010f0.jpg\" alt=\"Capa do segundo livro de Megan Everett Skarsg\u00e5rd \u2014 Foto: Reprodu\u00e7\u00e3o\" width=\"1417\" height=\"1611\" loading=\"lazy\"\/>  Capa do segundo livro de Megan Everett Skarsg\u00e5rd \u2014 Foto: Reprodu\u00e7\u00e3o            <img decoding=\"async\" class=\"content-media__image\"  src=\"https:\/\/www.europesays.com\/pt\/wp-content\/uploads\/2026\/01\/5d230729-781d-4612-9eb4-6574ae82d657.jpg\" alt=\"Megan Everett Skarsg\u00e5rd \u2014 Foto: Reprodu\u00e7\u00e3o\/Instagram\" width=\"763\" height=\"502\" loading=\"lazy\"\/>  Megan Everett Skarsg\u00e5rd \u2014 Foto: Reprodu\u00e7\u00e3o\/Instagram         <\/p>\n<p class=\" content-text__container \" data-track-category=\"Link no Texto\" data-track-links=\"\"> Vale lembrar que antes de Megan, Stellan foi casado com a doutora My Skarsg\u00e5rd, de 1975 at\u00e9 2007. Juntos, eles tiveram seis filhos: os filhos Alexander, Gustaf, Sam, Bill e Valter e a filha Eija. Ou seja, Megan tamb\u00e9m \u00e9 madrasta. <\/p>\n<p class=\" content-text__container \" data-track-category=\"Link no Texto\" data-track-links=\"\"> Inclusive, em suas redes sociais, ela celebra constantemente os trabalhos tanto dos filhos, quanto dos enteados &#8211; visto que, assim como o pai e a m\u00e3e\/madrasta, seis dos oito filhos de Stellan est\u00e3o na ind\u00fastria cinematogr\u00e1fica (os que ficaram de fora s\u00e3o Eija, que seguiu como modelo, e Sam, que \u00e9 m\u00e9dico, como a m\u00e3e My). <\/p>\n<p>          <img decoding=\"async\" class=\"content-media__image\"  src=\"https:\/\/www.europesays.com\/pt\/wp-content\/uploads\/2026\/01\/b3603b5b-da40-4997-8009-e3c2b5eb7a1f.jpg\" alt=\"Stellan Skarsg\u00e5rd e Elle Fanning em cena de 'Valor Sentimental' \u2014 Foto: Reprodu\u00e7\u00e3o\" width=\"1600\" height=\"900\" loading=\"lazy\"\/>  Stellan Skarsg\u00e5rd e Elle Fanning em cena de &#8216;Valor Sentimental&#8217; \u2014 Foto: Reprodu\u00e7\u00e3o         <\/p>\n<p class=\" content-text__container \" data-track-category=\"Link no Texto\" data-track-links=\"\"> Em \u2018Valor Sentimental\u2019, o astro, que j\u00e1 havia vencido o Globo de Ouro na categoria Melhor Ator Coadjuvante em S\u00e9rie Limitada ou Antologia por sua atua\u00e7\u00e3o na s\u00e9rie \u2018Chernobyl\u2019, interpreta o diretor Gustav Borg. <\/p>\n<p class=\" content-text__container \" data-track-category=\"Link no Texto\" data-track-links=\"\"> Na trama, o cineasta tenta se reconectar com sua filha Nora, uma atriz vivida por Renate Reinsve. Entretanto, quando ela se recusa a fazer seu pr\u00f3ximo filme, ele escala uma atriz americana (Elle Fanning) em seu lugar, o que d\u00e1 in\u00edcio a um complicado drama familiar. <\/p>\n<p class=\" content-text__container \" data-track-category=\"Link no Texto\" data-track-links=\"\"> Veja abaixo o discurso de Stellan Skarsg\u00e5rd ao vencer o Globo de Ouro e o trailer de &#8216;Valor Sentimental&#8217;, filme que o fez ganhar o pr\u00eamio. <\/p>\n<p class=\" content-text__container \" data-track-category=\"Link no Texto\" data-track-links=\"\"> *Com edi\u00e7\u00e3o de Lu\u00eds Alberto Nogueira <\/p>\n","protected":false},"excerpt":{"rendered":"No \u00faltimo domingo, Stellan Skarsg\u00e5rd venceu o Globo de Ouro de Melhor Ator Coadjuvante de 2026 por seu&hellip;\n","protected":false},"author":2,"featured_media":227727,"comment_status":"","ping_status":"","sticky":false,"template":"","format":"standard","meta":{"footnotes":""},"categories":[145],"tags":[211,210,114,115,32,33],"class_list":{"0":"post-227726","1":"post","2":"type-post","3":"status-publish","4":"format-standard","5":"has-post-thumbnail","7":"category-celebridades","8":"tag-celebridades","9":"tag-celebrities","10":"tag-entertainment","11":"tag-entretenimento","12":"tag-portugal","13":"tag-pt"},"share_on_mastodon":{"url":"https:\/\/pubeurope.com\/@pt\/115891376210963090","error":""},"_links":{"self":[{"href":"https:\/\/www.europesays.com\/pt\/wp-json\/wp\/v2\/posts\/227726","targetHints":{"allow":["GET"]}}],"collection":[{"href":"https:\/\/www.europesays.com\/pt\/wp-json\/wp\/v2\/posts"}],"about":[{"href":"https:\/\/www.europesays.com\/pt\/wp-json\/wp\/v2\/types\/post"}],"author":[{"embeddable":true,"href":"https:\/\/www.europesays.com\/pt\/wp-json\/wp\/v2\/users\/2"}],"replies":[{"embeddable":true,"href":"https:\/\/www.europesays.com\/pt\/wp-json\/wp\/v2\/comments?post=227726"}],"version-history":[{"count":0,"href":"https:\/\/www.europesays.com\/pt\/wp-json\/wp\/v2\/posts\/227726\/revisions"}],"wp:featuredmedia":[{"embeddable":true,"href":"https:\/\/www.europesays.com\/pt\/wp-json\/wp\/v2\/media\/227727"}],"wp:attachment":[{"href":"https:\/\/www.europesays.com\/pt\/wp-json\/wp\/v2\/media?parent=227726"}],"wp:term":[{"taxonomy":"category","embeddable":true,"href":"https:\/\/www.europesays.com\/pt\/wp-json\/wp\/v2\/categories?post=227726"},{"taxonomy":"post_tag","embeddable":true,"href":"https:\/\/www.europesays.com\/pt\/wp-json\/wp\/v2\/tags?post=227726"}],"curies":[{"name":"wp","href":"https:\/\/api.w.org\/{rel}","templated":true}]}}