{"id":227755,"date":"2026-01-14T04:11:15","date_gmt":"2026-01-14T04:11:15","guid":{"rendered":"https:\/\/www.europesays.com\/pt\/227755\/"},"modified":"2026-01-14T04:11:15","modified_gmt":"2026-01-14T04:11:15","slug":"corte-de-relacoes-leomarte-risca-ex-concorrente-da-team-azul-a-emplastra-primeira-companhia","status":"publish","type":"post","link":"https:\/\/www.europesays.com\/pt\/227755\/","title":{"rendered":"Corte de rela\u00e7\u00f5es. Leomarte &#8220;risca&#8221; ex-concorrente da Team Azul: \u00abA emplastra&#8230;\u00bb &#8211; Primeira Companhia"},"content":{"rendered":"<p style=\"margin-bottom:11px\"><strong>Leomarte Freire<\/strong> n\u00e3o poupou cr\u00edticas a Daniela Santos no Dois \u00e0s 10 desta ter\u00e7a-feira, dia 13 de janeiro. Tudo come\u00e7ou quando foi exibido no ecr\u00e3 <a href=\"https:\/\/tvi.iol.pt\/doisas10\/secret-story\/reality-show\/a-famosa-team-azul-perdeu-um-membro-leomarte-olha-para-a-fotografia-de-grupo-e-diz-esta-la-a-emplastra\" rel=\"nofollow noopener\" target=\"_blank\">uma fotografia<strong> da famosa Team Azul<\/strong><\/a><strong>, um grupo de concorrentes, composto por Leomarte, Diogo Alexandre, Gon\u00e7alo Coelho, Margarida Barroso, Daniela Santo<\/strong> e<strong> Juliana Le\u00e3o<\/strong>.<\/p>\n<p>\u00abOlha a nossa foto. Est\u00e1 l\u00e1 a emplastra. \u00c9 aquela menina, est\u00e1 em todo o lado. Em todas as fotos de ex-concorrentes de reality shows ela est\u00e1 l\u00e1. A Daniela\u00bb, atirou Leo, surpreendendo o apresentador Cl\u00e1udio Ramos. \u00abFoi minha colega, mas n\u00e3o a conheci dentro da casa. Depois de acabar o programa, vejo-a em todas as fotos com todos os ex-concorrentes de reality shows da vida. \u00c9 \u2018Big Brother\u2019, \u00e9 \u2018Secret Story&#8217;. Que acabe a Primeira Companhia que eu quero ver\u2026\u00bb<\/p>\n<p>Depois, Leo foi, ainda, mais longe nas cr\u00edticas. \u00abEra minha amiga, agora j\u00e1 n\u00e3o \u00e9. Eu com alpinistas sociais e emplastros n\u00e3o me dou\u00bb, declarou.<\/p>\n","protected":false},"excerpt":{"rendered":"Leomarte Freire n\u00e3o poupou cr\u00edticas a Daniela Santos no Dois \u00e0s 10 desta ter\u00e7a-feira, dia 13 de janeiro.&hellip;\n","protected":false},"author":2,"featured_media":227756,"comment_status":"","ping_status":"","sticky":false,"template":"","format":"standard","meta":{"footnotes":""},"categories":[142],"tags":[41536,31452,114,115,18705,29566,32,33,151,41535],"class_list":{"0":"post-227755","1":"post","2":"type-post","3":"status-publish","4":"format-standard","5":"has-post-thumbnail","7":"category-tv","8":"tag-bastidores-da-recruta","9":"tag-daniela-santo","10":"tag-entertainment","11":"tag-entretenimento","12":"tag-entrevistas-concorrentes-tvi","13":"tag-leomarte-freire","14":"tag-portugal","15":"tag-pt","16":"tag-tv","17":"tag-vida-fora-da-base"},"share_on_mastodon":{"url":"https:\/\/pubeurope.com\/@pt\/115891501979297829","error":""},"_links":{"self":[{"href":"https:\/\/www.europesays.com\/pt\/wp-json\/wp\/v2\/posts\/227755","targetHints":{"allow":["GET"]}}],"collection":[{"href":"https:\/\/www.europesays.com\/pt\/wp-json\/wp\/v2\/posts"}],"about":[{"href":"https:\/\/www.europesays.com\/pt\/wp-json\/wp\/v2\/types\/post"}],"author":[{"embeddable":true,"href":"https:\/\/www.europesays.com\/pt\/wp-json\/wp\/v2\/users\/2"}],"replies":[{"embeddable":true,"href":"https:\/\/www.europesays.com\/pt\/wp-json\/wp\/v2\/comments?post=227755"}],"version-history":[{"count":0,"href":"https:\/\/www.europesays.com\/pt\/wp-json\/wp\/v2\/posts\/227755\/revisions"}],"wp:featuredmedia":[{"embeddable":true,"href":"https:\/\/www.europesays.com\/pt\/wp-json\/wp\/v2\/media\/227756"}],"wp:attachment":[{"href":"https:\/\/www.europesays.com\/pt\/wp-json\/wp\/v2\/media?parent=227755"}],"wp:term":[{"taxonomy":"category","embeddable":true,"href":"https:\/\/www.europesays.com\/pt\/wp-json\/wp\/v2\/categories?post=227755"},{"taxonomy":"post_tag","embeddable":true,"href":"https:\/\/www.europesays.com\/pt\/wp-json\/wp\/v2\/tags?post=227755"}],"curies":[{"name":"wp","href":"https:\/\/api.w.org\/{rel}","templated":true}]}}