{"id":227759,"date":"2026-01-14T04:14:16","date_gmt":"2026-01-14T04:14:16","guid":{"rendered":"https:\/\/www.europesays.com\/pt\/227759\/"},"modified":"2026-01-14T04:14:16","modified_gmt":"2026-01-14T04:14:16","slug":"absolutamente-incompreensivel-fc-porto-reage-a-nomeacao-de-fabio-verissimo","status":"publish","type":"post","link":"https:\/\/www.europesays.com\/pt\/227759\/","title":{"rendered":"&#8220;Absolutamente incompreens\u00edvel&#8221;. FC Porto reage \u00e0 nomea\u00e7\u00e3o de F\u00e1bio Ver\u00edssimo"},"content":{"rendered":"<p>&#13;<br \/>\nEm comunicado oficial emitido nesta ter\u00e7a-feira, os &#8220;drag\u00f5es&#8221; classificaram a decis\u00e3o do Conselho de Arbitragem (CA) como &#8220;absolutamente incompreens\u00edvel&#8221;.&#13;\n<\/p>\n<p>&#13;<br \/>\n<b>\u201cA decis\u00e3o do Conselho de Arbitragem (CA) da Federa\u00e7\u00e3o Portuguesa de Futebol (FPF) de proceder a esta nomea\u00e7\u00e3o \u00e9, do ponto de vista objetivo, absolutamente incompreens\u00edvel e suscet\u00edvel de afetar negativamente a imagem e a credibilidade do futebol portugu\u00eas, al\u00e9m de se revelar prejudicial para o pr\u00f3prio \u00e1rbitro envolvido\u201d<\/b>, refere o clube, em comunicado.<br \/>&#13;\n<\/p>\n<p>\nA contesta\u00e7\u00e3o assenta no hist\u00f3rico recente e em processos jur\u00eddicos ainda a decorrer que envolvem o \u00e1rbitro da AF Leiria e o clube azul e branco.<\/p>\n<p>Os Argumentos do FC Porto<\/p>\n<p>O clube liderado por Andr\u00e9 Villas-Boas baseia a sua indigna\u00e7\u00e3o em tr\u00eas pontos centrais que, na sua vis\u00e3o, deveriam impedir a nomea\u00e7\u00e3o de Ver\u00edssimo para um jogo desta dimens\u00e3o no Est\u00e1dio do Drag\u00e3o.<\/p>\n<p>Primeiro, existe um processo a decorrer no Tribunal Arbitral do Desporto relativo ao jogo FC Porto-Braga (novembro de 2025). Na altura, Ver\u00edssimo relatou ter encontrado uma televis\u00e3o no balne\u00e1rio da equipa de arbitragem a exibir lances do jogo em &#8220;loop&#8221;, o que foi interpretado como tentativa de press\u00e3o.<\/p>\n<p>&#13;<br \/>\nSegundo, o FC Porto recorda que apresentou uma queixa contra o \u00e1rbitro devido a incidentes no jogo com o Arouca (setembro de 2025), cujo desfecho ainda n\u00e3o \u00e9 conhecido.&#13;\n<\/p>\n<p>&#13;<br \/>\nNa altura, o FC Porto acusou o \u00e1rbitro de ter feito amea\u00e7as e outras formas de intimida\u00e7\u00e3o a dirigentes do emblema azul e branco ap\u00f3s o desafio em Arouca e de as ter concretizado na rece\u00e7\u00e3o ao Sporting de Braga, sendo que o desfecho do processo instaurado pelo CD da FPF ainda n\u00e3o \u00e9 conhecido.<br \/>&#13;\n<\/p>\n<p>\nNo comunicado, o Porto afirma que esta nomea\u00e7\u00e3o contribui para a <b>&#8220;eros\u00e3o da confian\u00e7a&#8221;<\/b> e defende que o presidente do Conselho de Arbitragem, Luciano Gon\u00e7alves, &#8220;deixou de reunir condi\u00e7\u00f5es para continuar a exercer fun\u00e7\u00f5es&#8221;.<\/p>\n<p>Cabe recordar que a nomea\u00e7\u00e3o surge num momento de grande tens\u00e3o. O treinador portista, Francesco Farioli, confessou em confer\u00eancia de imprensa que s\u00f3 soube da escolha do \u00e1rbitro &#8220;ap\u00f3s sair do banho&#8221;, evitando alongar-se em coment\u00e1rios mas sublinhando o foco total na partida.&#13;\n            <\/p>\n","protected":false},"excerpt":{"rendered":"&#13; Em comunicado oficial emitido nesta ter\u00e7a-feira, os &#8220;drag\u00f5es&#8221; classificaram a decis\u00e3o do Conselho de Arbitragem (CA) como&hellip;\n","protected":false},"author":2,"featured_media":227760,"comment_status":"","ping_status":"","sticky":false,"template":"","format":"standard","meta":{"footnotes":""},"categories":[87],"tags":[135,13,32,33,420,421,134],"class_list":{"0":"post-227759","1":"post","2":"type-post","3":"status-publish","4":"format-standard","5":"has-post-thumbnail","7":"category-desporto","8":"tag-desporto","9":"tag-noticias","10":"tag-portugal","11":"tag-pt","12":"tag-rtp","13":"tag-rtp-noticias","14":"tag-sports"},"share_on_mastodon":{"url":"https:\/\/pubeurope.com\/@pt\/115891513809270033","error":""},"_links":{"self":[{"href":"https:\/\/www.europesays.com\/pt\/wp-json\/wp\/v2\/posts\/227759","targetHints":{"allow":["GET"]}}],"collection":[{"href":"https:\/\/www.europesays.com\/pt\/wp-json\/wp\/v2\/posts"}],"about":[{"href":"https:\/\/www.europesays.com\/pt\/wp-json\/wp\/v2\/types\/post"}],"author":[{"embeddable":true,"href":"https:\/\/www.europesays.com\/pt\/wp-json\/wp\/v2\/users\/2"}],"replies":[{"embeddable":true,"href":"https:\/\/www.europesays.com\/pt\/wp-json\/wp\/v2\/comments?post=227759"}],"version-history":[{"count":0,"href":"https:\/\/www.europesays.com\/pt\/wp-json\/wp\/v2\/posts\/227759\/revisions"}],"wp:featuredmedia":[{"embeddable":true,"href":"https:\/\/www.europesays.com\/pt\/wp-json\/wp\/v2\/media\/227760"}],"wp:attachment":[{"href":"https:\/\/www.europesays.com\/pt\/wp-json\/wp\/v2\/media?parent=227759"}],"wp:term":[{"taxonomy":"category","embeddable":true,"href":"https:\/\/www.europesays.com\/pt\/wp-json\/wp\/v2\/categories?post=227759"},{"taxonomy":"post_tag","embeddable":true,"href":"https:\/\/www.europesays.com\/pt\/wp-json\/wp\/v2\/tags?post=227759"}],"curies":[{"name":"wp","href":"https:\/\/api.w.org\/{rel}","templated":true}]}}