{"id":227761,"date":"2026-01-14T04:15:45","date_gmt":"2026-01-14T04:15:45","guid":{"rendered":"https:\/\/www.europesays.com\/pt\/227761\/"},"modified":"2026-01-14T04:15:45","modified_gmt":"2026-01-14T04:15:45","slug":"projeto-transforma-embalagens-de-medicamentos-em-moveis-ecologicos","status":"publish","type":"post","link":"https:\/\/www.europesays.com\/pt\/227761\/","title":{"rendered":"Projeto transforma embalagens de medicamentos em m\u00f3veis ecol\u00f3gicos"},"content":{"rendered":"<p>Embalagens de medicamentos do Instituto de Tecnologia em F\u00e1rmacos (Farmanguinhos\/Fiocruz) est\u00e3o sendo transformadas em m\u00f3veis ecol\u00f3gicos. Iniciativa recolhe bl\u00edsteres que s\u00e3o descartados ap\u00f3s o ajuste das m\u00e1quinas, durante a etapa fabril, sem ter qualquer contato com os medicamentos ou apresentar risco de contamina\u00e7\u00e3o.<\/p>\n<p><img loading=\"lazy\" decoding=\"async\" class=\"align-center\" src=\"https:\/\/www.europesays.com\/pt\/wp-content\/uploads\/2026\/01\/moveisecologicos_m2.jpg\" data-entity-uuid=\"14d45c5c-80b5-4e22-95a2-5d68b23f1c2a\" data-entity-type=\"file\" alt=\"M\u00f3vel ecol\u00f3gico: sof\u00e1.\" width=\"603\" height=\"452\"\/><\/p>\n<p>M\u00f3vel ecol\u00f3gico criado a partir de embalagens de medicamentos (foto: Farmanguinhos\/Fiocruz)<\/p>\n<p>\u00a0<\/p>\n<p>Para isso, Farmanguinhos\/Fiocruz conta com a parceria da startup Menzani. A conex\u00e3o entre as institui\u00e7\u00f5es se deu por meio de empresa especializada que j\u00e1 recebia os bl\u00edsteres de Farmanguinhos\/Fiocruz, para a realiza\u00e7\u00e3o do processo de microniza\u00e7\u00e3o e separa\u00e7\u00e3o do PVC e alum\u00ednio (que comp\u00f5em o material) e posterior encaminhamento a empresas fabricantes de m\u00f3veis ecol\u00f3gicos.<\/p>\n<p><img loading=\"lazy\" decoding=\"async\" class=\"align-left\" src=\"https:\/\/www.europesays.com\/pt\/wp-content\/uploads\/2026\/01\/moveisecologicos_m.jpg\" data-entity-uuid=\"db2fe031-8ad7-4f8b-8d75-2cb06b7ae76e\" data-entity-type=\"file\" alt=\"Mat\u00e9ria prima para os m\u00f3veis.\" width=\"350\" height=\"310\"\/>Al\u00e9m de gerar economia financeira para a institui\u00e7\u00e3o, a pr\u00e1tica reduz o envio de materiais com potencial de reciclagem para aterros sanit\u00e1rios e refor\u00e7a a responsabilidade socioambiental defendida pelo Instituto.\u00a0<\/p>\n<p>\u201cN\u00f3s buscamos parcerias para a reutiliza\u00e7\u00e3o desse material, promovendo um impacto ambiental positivo, alinhado aos valores da nossa institui\u00e7\u00e3o. Trata-se do retorno ao ciclo de vida de um material que, at\u00e9 ent\u00e3o, n\u00e3o possu\u00eda reaproveitamento, gerando benef\u00edcios ambientais significativos\u201d, explica a gestora do Centro de Seguran\u00e7a do Trabalho e Gest\u00e3o Ambiental de Farmanguinhos\/Fiocruz, Denise Barone.<\/p>\n","protected":false},"excerpt":{"rendered":"Embalagens de medicamentos do Instituto de Tecnologia em F\u00e1rmacos (Farmanguinhos\/Fiocruz) est\u00e3o sendo transformadas em m\u00f3veis ecol\u00f3gicos. Iniciativa recolhe&hellip;\n","protected":false},"author":2,"featured_media":227762,"comment_status":"","ping_status":"","sticky":false,"template":"","format":"standard","meta":{"footnotes":""},"categories":[86],"tags":[43798,116,43797,32,33,43796,117],"class_list":{"0":"post-227761","1":"post","2":"type-post","3":"status-publish","4":"format-standard","5":"has-post-thumbnail","7":"category-saude","8":"tag-farmanguinhos-fiocruz","9":"tag-health","10":"tag-moveis-ecologicos","11":"tag-portugal","12":"tag-pt","13":"tag-responsabilidade-ambiental","14":"tag-saude"},"share_on_mastodon":{"url":"https:\/\/pubeurope.com\/@pt\/115891517733312902","error":""},"_links":{"self":[{"href":"https:\/\/www.europesays.com\/pt\/wp-json\/wp\/v2\/posts\/227761","targetHints":{"allow":["GET"]}}],"collection":[{"href":"https:\/\/www.europesays.com\/pt\/wp-json\/wp\/v2\/posts"}],"about":[{"href":"https:\/\/www.europesays.com\/pt\/wp-json\/wp\/v2\/types\/post"}],"author":[{"embeddable":true,"href":"https:\/\/www.europesays.com\/pt\/wp-json\/wp\/v2\/users\/2"}],"replies":[{"embeddable":true,"href":"https:\/\/www.europesays.com\/pt\/wp-json\/wp\/v2\/comments?post=227761"}],"version-history":[{"count":0,"href":"https:\/\/www.europesays.com\/pt\/wp-json\/wp\/v2\/posts\/227761\/revisions"}],"wp:featuredmedia":[{"embeddable":true,"href":"https:\/\/www.europesays.com\/pt\/wp-json\/wp\/v2\/media\/227762"}],"wp:attachment":[{"href":"https:\/\/www.europesays.com\/pt\/wp-json\/wp\/v2\/media?parent=227761"}],"wp:term":[{"taxonomy":"category","embeddable":true,"href":"https:\/\/www.europesays.com\/pt\/wp-json\/wp\/v2\/categories?post=227761"},{"taxonomy":"post_tag","embeddable":true,"href":"https:\/\/www.europesays.com\/pt\/wp-json\/wp\/v2\/tags?post=227761"}],"curies":[{"name":"wp","href":"https:\/\/api.w.org\/{rel}","templated":true}]}}