{"id":227766,"date":"2026-01-14T04:20:26","date_gmt":"2026-01-14T04:20:26","guid":{"rendered":"https:\/\/www.europesays.com\/pt\/227766\/"},"modified":"2026-01-14T04:20:26","modified_gmt":"2026-01-14T04:20:26","slug":"pedro-nuno-santos-apoia-seguro-gouveia-e-melo-promete-exigencia-em-relacao-com-montenegro-e-destaca-lealdade-institucional","status":"publish","type":"post","link":"https:\/\/www.europesays.com\/pt\/227766\/","title":{"rendered":"Pedro Nuno Santos apoia Seguro. Gouveia e Melo promete exig\u00eancia em rela\u00e7\u00e3o com Montenegro e destaca lealdade institucional"},"content":{"rendered":"<p>O candidato presidencial Ant\u00f3nio Filipe disse hoje que os problemas da sa\u00fade s\u00e3o \u201cgrav\u00edssimos\u201d e n\u00e3o uma perce\u00e7\u00e3o, e defendeu que s\u00f3 se resolvem com vontade pol\u00edtica e com refor\u00e7o do Servi\u00e7o Nacional de Sa\u00fade (SNS).<\/p>\n<p>\u201cO primeiro-ministro ter\u00e1 declarado que n\u00e3o existe nenhum caos na sa\u00fade, o que h\u00e1 \u00e9 uma perce\u00e7\u00e3o de caos na sa\u00fade. Bom, eu pergunto: se vemos pessoas a morrer por falta de assist\u00eancia, por atrasos numa ambul\u00e2ncia que n\u00e3o chega, isto \u00e9 uma perce\u00e7\u00e3o ou \u00e9 uma realidade? Essas pessoas terem morrido n\u00e3o \u00e9 uma perce\u00e7\u00e3o\u201d, afirmou Ant\u00f3nio Filipe durante um discurso com apoiantes em Campo Maior, Portalegre.<\/p>\n<p>O primeiro-ministro, Luis Montenegro, defendeu hoje que h\u00e1 uma \u201cperce\u00e7\u00e3o de caos\u201d no SNS, mas disse que \u201cisso n\u00e3o \u00e9 a realidade\u201d.<\/p>\n<p>Na sua interven\u00e7\u00e3o no Alentejo, o candidato \u00e0 Presid\u00eancia da Rep\u00fablica apoiado pelo PCP e pelo PEV exemplificou ainda com crian\u00e7as a nascerem nas ambul\u00e2ncias \u00e0 procura de uma maternidade que esteja aberta, e com utentes que aguardam v\u00e1rias horas \u00e0 espera numa urg\u00eancia para serem atendidas.<\/p>\n<p>\u201cH\u00e1, de facto, uma situa\u00e7\u00e3o grav\u00edssima na sa\u00fade e que tem que ser resolvida\u201d, real\u00e7ou.<\/p>\n<p>Ant\u00f3nio Filipe considerou que os pactos defendidos por outros advers\u00e1rios pol\u00edticos n\u00e3o s\u00e3o solu\u00e7\u00e3o.<\/p>\n<p>\u201cN\u00f3s j\u00e1 ouvimos falar n\u00e3o sei quantas vezes em pactos para a justi\u00e7a e, agora, em pactos para a sa\u00fade. Mas o que \u00e9? \u00c9 sentar \u00e0 mesa com os hospitais privados que n\u00f3s vamos criar um pacto para a sa\u00fade, ou \u00e9 investir, como a Constitui\u00e7\u00e3o manda, investir no SNS?.<\/p>\n<p>E continuou: \u201cN\u00e3o precisamos de pactos, n\u00e3o precisamos de estar a negociar com o setor privado da sa\u00fade (\u2026). Os problemas da sa\u00fade resolvem-se com vontade pol\u00edtica de refor\u00e7ar o SNS\u201d.<\/p>\n<p>Porque o problema, acrescentou, n\u00e3o \u00e9 da gripe nem da falta de ambul\u00e2ncias, mas sim \u201cda degrada\u00e7\u00e3o a que tem vindo a ser submetido o SNS por falta de vontade pol\u00edtica dos governos\u201d.<\/p>\n<p>\u201cA situa\u00e7\u00e3o atual com este Governo \u00e9 particularmente grave, particularmente cr\u00edtica, como n\u00f3s estamos todos a assistir e isso n\u00e3o \u00e9 uma perce\u00e7\u00e3o\u201d.<\/p>\n<p>Neste discurso em Campo Maior, Ant\u00f3nio Filipe voltou a falar do pacote laboral e considerou que a ministra do Trabalho \u201cteve o desplante de, h\u00e1 uns tempos atr\u00e1s, dizer que a legisla\u00e7\u00e3o laboral tem uma balan\u00e7a desequilibrada a favor dos trabalhadores\u201d.<\/p>\n<p>\u201cEu acho que \u00e9 preciso ter um descaramento enorme para dizer uma coisa destas (\u2026). Costumamos dizer que h\u00e1 mil maneiras de fazer bacalhau, e no C\u00f3digo de Trabalho que j\u00e1 est\u00e1 em vigor, h\u00e1 mil maneiras de garantir a precariedade, de obrigar os trabalhadores \u00e0 precariedade, desde contratos ao dia, \u00e0 semana, ao m\u00eas, enfim, todo o tipo de precariedade poss\u00edvel e imagin\u00e1ria\u201d, real\u00e7ou.<\/p>\n<p>Por fim, Ant\u00f3nio Filipe considerou ainda que o \u201cboletim de voto para as elei\u00e7\u00f5es presidenciais n\u00e3o \u00e9 o boletim do Totobola\u201d.<\/p>\n<p>\u201cNo boletim do Totobola, olhamos para aquilo e vemos assim quem \u00e9 que eu acho que vai ganhar? (\u2026) O boletim de voto \u00e9 para n\u00f3s escolhermos quem \u00e9 que n\u00f3s queremos verdadeiramente como Presidente da Rep\u00fablica\u201d, frisou.<\/p>\n<p>Para o ex-deputado comunista, \u201cquando o eleitor exprime o seu direito de voto, n\u00e3o est\u00e1 a fazer um palpite, est\u00e1 a fazer uma escolha\u201d.<\/p>\n<p>\u201cQuem \u00e9 que n\u00f3s achamos que deve ser Presidente da Rep\u00fablica diante dos v\u00e1rios candidatos que se apresentam? E para isso \u00e9 importante saber o que \u00e9 que cada um defende, o que \u00e9 que cada um quer\u201d, real\u00e7ou.<\/p>\n","protected":false},"excerpt":{"rendered":"O candidato presidencial Ant\u00f3nio Filipe disse hoje que os problemas da sa\u00fade s\u00e3o \u201cgrav\u00edssimos\u201d e n\u00e3o uma perce\u00e7\u00e3o,&hellip;\n","protected":false},"author":2,"featured_media":227767,"comment_status":"","ping_status":"","sticky":false,"template":"","format":"standard","meta":{"footnotes":""},"categories":[10],"tags":[3399,27,28,15,16,9498,14,25,26,21,22,12,13,19,20,6952,32,1076,23,24,33,17,18,29,30,31],"class_list":{"0":"post-227766","1":"post","2":"type-post","3":"status-publish","4":"format-standard","5":"has-post-thumbnail","7":"category-portugal","8":"tag-antonio-jose-seguro","9":"tag-breaking-news","10":"tag-breakingnews","11":"tag-featured-news","12":"tag-featurednews","13":"tag-gouveia-e-melo","14":"tag-headlines","15":"tag-latest-news","16":"tag-latestnews","17":"tag-main-news","18":"tag-mainnews","19":"tag-news","20":"tag-noticias","21":"tag-noticias-principais","22":"tag-noticiasprincipais","23":"tag-pedro-nuno-santos","24":"tag-portugal","25":"tag-presidenciais-2026","26":"tag-principais-noticias","27":"tag-principaisnoticias","28":"tag-pt","29":"tag-top-stories","30":"tag-topstories","31":"tag-ultimas","32":"tag-ultimas-noticias","33":"tag-ultimasnoticias"},"share_on_mastodon":{"url":"","error":"Validation failed: Text character limit of 500 exceeded"},"_links":{"self":[{"href":"https:\/\/www.europesays.com\/pt\/wp-json\/wp\/v2\/posts\/227766","targetHints":{"allow":["GET"]}}],"collection":[{"href":"https:\/\/www.europesays.com\/pt\/wp-json\/wp\/v2\/posts"}],"about":[{"href":"https:\/\/www.europesays.com\/pt\/wp-json\/wp\/v2\/types\/post"}],"author":[{"embeddable":true,"href":"https:\/\/www.europesays.com\/pt\/wp-json\/wp\/v2\/users\/2"}],"replies":[{"embeddable":true,"href":"https:\/\/www.europesays.com\/pt\/wp-json\/wp\/v2\/comments?post=227766"}],"version-history":[{"count":0,"href":"https:\/\/www.europesays.com\/pt\/wp-json\/wp\/v2\/posts\/227766\/revisions"}],"wp:featuredmedia":[{"embeddable":true,"href":"https:\/\/www.europesays.com\/pt\/wp-json\/wp\/v2\/media\/227767"}],"wp:attachment":[{"href":"https:\/\/www.europesays.com\/pt\/wp-json\/wp\/v2\/media?parent=227766"}],"wp:term":[{"taxonomy":"category","embeddable":true,"href":"https:\/\/www.europesays.com\/pt\/wp-json\/wp\/v2\/categories?post=227766"},{"taxonomy":"post_tag","embeddable":true,"href":"https:\/\/www.europesays.com\/pt\/wp-json\/wp\/v2\/tags?post=227766"}],"curies":[{"name":"wp","href":"https:\/\/api.w.org\/{rel}","templated":true}]}}