{"id":227778,"date":"2026-01-14T04:30:41","date_gmt":"2026-01-14T04:30:41","guid":{"rendered":"https:\/\/www.europesays.com\/pt\/227778\/"},"modified":"2026-01-14T04:30:41","modified_gmt":"2026-01-14T04:30:41","slug":"lancado-estudo-nacional-sobre-diabetes-e-risco-cardiovascular","status":"publish","type":"post","link":"https:\/\/www.europesays.com\/pt\/227778\/","title":{"rendered":"Lan\u00e7ado estudo nacional sobre diabetes e risco cardiovascular"},"content":{"rendered":"<p>Promovido e coordenado cientificamente pela SPD e SPC, em parceria com a IQVIA que \u00e9 respons\u00e1vel pela execu\u00e7\u00e3o t\u00e9cnica e an\u00e1lise estat\u00edstica, e com a SYNLAB que assegura a componente laboratorial, o estudo chama-se Pulsar Portugal e est\u00e1 a ser precedido por um piloto em Vila Nova de Gaia, no distrito do Porto, que arrancou este m\u00eas e visa servir de &#8220;teste&#8221;.<\/p>\n<p>Em declara\u00e7\u00f5es \u00e0 ag\u00eancia Lusa, a presidente da SPC, Cristina Gavina, explicou que Gaia foi o concelho escolhido para o teste &#8220;pelas caracter\u00edsticas da popula\u00e7\u00e3o, em jeito de salto para a caracteriza\u00e7\u00e3o geral da popula\u00e7\u00e3o portuguesa&#8221;.<\/p>\n<p>&#8220;Permite-nos testar a operacionaliza\u00e7\u00e3o de um dos maiores estudos epidemiol\u00f3gicos alguma vez realizados em Portugal na \u00e1rea da diabetes e do risco cardiovascular. Depois o estudo ir\u00e1 abranger\u00a0Portugal Continental\u00a0e as\u00a0Regi\u00f5es Aut\u00f3nomas da Madeira e dos A\u00e7ores, envolvendo uma amostra representativa da popula\u00e7\u00e3o superior a\u00a020.000 participantes&#8221;, acrescentou.<\/p>\n<p>O Pulsar Portugal, que tem uma dura\u00e7\u00e3o prevista de 18 meses, ir\u00e1 avaliar a\u00a0preval\u00eancia da diabetes\u00a0(diagnosticada e n\u00e3o diagnosticada), os\u00a0principais fatores de risco cardiovascular\u00a0na popula\u00e7\u00e3o adulta (18\/79 anos), a\u00a0qualidade de vida\u00a0associada a diferentes n\u00edveis de risco, bem como a\u00a0incid\u00eancia\u00a0e mortalidade por\u00a0eventos cardiovasculares\u00a0(enfarte agudo do mioc\u00e1rdio, AVC e insufici\u00eancia card\u00edaca) ap\u00f3s cinco e 10 anos do in\u00edcio do estudo.<\/p>\n<p>As doen\u00e7as cardiovasculares s\u00e3o a principal causa de morte na Europa e em Portugal, representando 42,5% dos \u00f3bitos europeus e 25,9% dos \u00f3bitos nacionais.<\/p>\n<p>A diabetes, uma das doen\u00e7as cr\u00f3nicas de maior preval\u00eancia na Europa, representa um importante fator na carga de doen\u00e7a e encontra-se frequentemente associada a complica\u00e7\u00f5es cardiovasculares.<\/p>\n<p>Segundo a respons\u00e1vel, os dados atualmente existentes em Portugal t\u00eam mais de uma d\u00e9cada, n\u00e3o refletindo a evolu\u00e7\u00e3o demogr\u00e1fica, cl\u00ednica e social do pa\u00eds.<\/p>\n<p>&#8220;Este \u00e9 um estudo extremamente ambicioso, mas que tem uma relev\u00e2ncia cr\u00edtica, porque vai tentar caracterizar a preval\u00eancia dos fatores de risco em Portugal a partir dos 18 anos. Temos alguns dados das pessoas que s\u00e3o seguidas nos cuidados de sa\u00fade prim\u00e1rios e podemos calcular uma aproxima\u00e7\u00e3o daquilo que poder\u00e1 ser a preval\u00eancia dos fatores de risco, mas nunca fazemos rastreios sistem\u00e1ticos de fatores de risco cardiovascular. O nosso pa\u00eds tem alguma limita\u00e7\u00e3o nesse sentido&#8221;, descreveu a presidente da SPC.<\/p>\n<p>Para colmatar esta lacuna, estas duas sociedades portuguesas querem lan\u00e7ar dentro de menos de tr\u00eas meses o &#8220;Pulsar Portugal&#8221;, um estudo exclusivamente presencial, gratuito para os participantes, cujos rastreios ser\u00e3o realizados num\u00a0laborat\u00f3rio de an\u00e1lises cl\u00ednicas pr\u00f3ximo da \u00e1rea de resid\u00eancia\u00a0de quem for selecionado, isto para garantir cobertura geogr\u00e1fica nacional, proximidade ao domic\u00edlio e equidade no acesso.<\/p>\n<p>Os participantes ter\u00e3o acesso a recolha de dados cl\u00ednicos e demogr\u00e1ficos, medi\u00e7\u00f5es antropom\u00e9tricas e press\u00e3o arterial e an\u00e1lises laboratoriais completas.<\/p>\n<p>&#8220;Os participantes v\u00e3o receber os resultados de an\u00e1lises que, algumas delas s\u00e3o feitas fora daquilo que \u00e9 um rastreio convencional e, inclusivamente, n\u00e3o s\u00e3o compartilhados a n\u00edvel do SNS [Servi\u00e7o Nacional de Sa\u00fade]. E vamos fazer isso de forma gratuita. V\u00e3o ter acesso a resultados e v\u00e3o poder discutir com os seus m\u00e9dicos. V\u00e3o ficar com uma caracteriza\u00e7\u00e3o do seu risco, ajudando-os, provavelmente, no futuro a tomar determinadas decis\u00f5es relativamente ao que querem fazer, ao seu estilo de vida&#8221;, descreveu a respons\u00e1vel em jeito de apelo \u00e0 participa\u00e7\u00e3o.<\/p>\n<p>O convite aos participantes ser\u00e1 aleat\u00f3rio atrav\u00e9s de um &#8216;sms&#8217; depois de uma pr\u00e9-sele\u00e7\u00e3o, por sexo e idade, com base na listagem de utentes dos centros de sa\u00fade.<\/p>\n<p>Ao participante basta dizer &#8216;sim&#8217; e depois deslocar-se a um centro de recolha de an\u00e1lises parceiro da iniciativa.<\/p>\n<p>Pessoas entre 40 e 79 anos\u00a0ser\u00e3o convidadas a integrar uma &#8216;coorte&#8217; longitudinal, acompanhada durante 10 anos, atrav\u00e9s dos registos cl\u00ednicos das Unidades Locais de Sa\u00fade, mediante consentimento informado.<\/p>\n<p>&#8220;Isso tamb\u00e9m \u00e9 in\u00e9dito. A nossa ideia \u00e9 voltarmos outra vez a chamar as pessoas para podermos verificar, n\u00e3o s\u00f3 o que \u00e9 que lhes aconteceu nesse per\u00edodo de tempo, mas tamb\u00e9m como \u00e9 que est\u00e3o em termos de fatores de risco, se desenvolveram novos ou se agravaram aqueles que j\u00e1 tinham&#8221;, contou Cristina Gavina.<\/p>\n<p>Assim, \u00e9 objetivo do Pulsar Portugal criar uma base de dados cient\u00edfica para melhorar a compreens\u00e3o dos fatores de risco, apoiar o desenvolvimento de pol\u00edticas de preven\u00e7\u00e3o e favorecer a tomada de decis\u00e3o no contexto das Unidades Locais de Sa\u00fade.<\/p>\n<p>&#8220;Acreditamos que este ser\u00e1 um trabalho particularmente importante se pensarmos que hoje em dia o financiamento na sa\u00fade vai ser definido tamb\u00e9m por aquilo que \u00e9 a complexidade das doen\u00e7as, a carga das doen\u00e7as nos v\u00e1rios locais (&#8230;). Ali\u00e1s foi aprovado no Parlamento Europeu um plano com financiamento associado a estes temas: doen\u00e7a cardiovascular, rastreios&#8221;, considerou Cristina Gavina.<\/p>\n<p>Patrocinado por sete empresas farmac\u00eauticas, o Pulsar Portugal dever\u00e1 ter resultados a apresentar em finais de 2027.<\/p>\n<p>Leia Tamb\u00e9m: <a href=\"https:\/\/www.noticiasaominuto.com\/lifestyle\/2909334\/estudo-o-habito-simples-que-pode-ajudar-pessoas-com-diabetes-tipo-2\" target=\"_blank\" rel=\"noopener noreferrer nofollow\">Estudo. O h\u00e1bito simples que pode ajudar pessoas com diabetes tipo 2<\/a><\/p>\n","protected":false},"excerpt":{"rendered":"Promovido e coordenado cientificamente pela SPD e SPC, em parceria com a IQVIA que \u00e9 respons\u00e1vel pela execu\u00e7\u00e3o&hellip;\n","protected":false},"author":2,"featured_media":227779,"comment_status":"","ping_status":"","sticky":false,"template":"","format":"standard","meta":{"footnotes":""},"categories":[86],"tags":[116,32,33,117],"class_list":{"0":"post-227778","1":"post","2":"type-post","3":"status-publish","4":"format-standard","5":"has-post-thumbnail","7":"category-saude","8":"tag-health","9":"tag-portugal","10":"tag-pt","11":"tag-saude"},"share_on_mastodon":{"url":"https:\/\/pubeurope.com\/@pt\/115891576685446056","error":""},"_links":{"self":[{"href":"https:\/\/www.europesays.com\/pt\/wp-json\/wp\/v2\/posts\/227778","targetHints":{"allow":["GET"]}}],"collection":[{"href":"https:\/\/www.europesays.com\/pt\/wp-json\/wp\/v2\/posts"}],"about":[{"href":"https:\/\/www.europesays.com\/pt\/wp-json\/wp\/v2\/types\/post"}],"author":[{"embeddable":true,"href":"https:\/\/www.europesays.com\/pt\/wp-json\/wp\/v2\/users\/2"}],"replies":[{"embeddable":true,"href":"https:\/\/www.europesays.com\/pt\/wp-json\/wp\/v2\/comments?post=227778"}],"version-history":[{"count":0,"href":"https:\/\/www.europesays.com\/pt\/wp-json\/wp\/v2\/posts\/227778\/revisions"}],"wp:featuredmedia":[{"embeddable":true,"href":"https:\/\/www.europesays.com\/pt\/wp-json\/wp\/v2\/media\/227779"}],"wp:attachment":[{"href":"https:\/\/www.europesays.com\/pt\/wp-json\/wp\/v2\/media?parent=227778"}],"wp:term":[{"taxonomy":"category","embeddable":true,"href":"https:\/\/www.europesays.com\/pt\/wp-json\/wp\/v2\/categories?post=227778"},{"taxonomy":"post_tag","embeddable":true,"href":"https:\/\/www.europesays.com\/pt\/wp-json\/wp\/v2\/tags?post=227778"}],"curies":[{"name":"wp","href":"https:\/\/api.w.org\/{rel}","templated":true}]}}