{"id":227810,"date":"2026-01-14T05:09:08","date_gmt":"2026-01-14T05:09:08","guid":{"rendered":"https:\/\/www.europesays.com\/pt\/227810\/"},"modified":"2026-01-14T05:09:08","modified_gmt":"2026-01-14T05:09:08","slug":"kiefer-sutherland-e-preso-acusado-de-agredir-motorista-de-aplicativo-nos-eua-g1","status":"publish","type":"post","link":"https:\/\/www.europesays.com\/pt\/227810\/","title":{"rendered":"Kiefer Sutherland \u00e9 preso acusado de agredir motorista de aplicativo nos EUA &#8211; G1"},"content":{"rendered":"<ol>\n<li><a href=\"https:\/\/news.google.com\/rss\/articles\/CBMiwgFBVV95cUxPa2R3MEZWUGYyNGxhbUlsU05DMUlEckM3bVFiZkd6UUVwLUFhYlF2aWRHMTZoZjVhTXA3aXBHdXZWVlhxOGowZHJ6N3VfeEx0TEoyUW81YkMxUlZhV2FXZEJNcjBGR1Z0MmJNSWkzTXJuOHlxSFZSZjQ5b2tDSHRwQzRDSGFKREtUVGNpc09sWkJZdi0yYjlabE00ajhKdlJSMk5NYUFJWWU1NmljcDQ1cE1HMXNTZE95NkJnVDV2aWFIUdIB0AFBVV95cUxPVll4RWUtSkJLLWd3bUhPdF9HSnBqMzVVb1NQWHU4QmxYeUJiUlVob1BOaG9lZ2txdjhfdXVKMjEybHhsWTR6QTN0dFBXeFozWmFJR2IwUzBJLVA0MXBDVGVfWHJveExjdVhvdnV6cG5uOURMRGU1ZEFSRXFWQlFucmI0T2NiQWZ3WXRKOEtmQldURk5Dbm9pWjNLYW9DVS1obEx5N3pFYzc2bURlT05iaTR6TjVzZ3QyOXgzU2RUTGtNbzY4dE82X1U3U05hM2xH?oc=5\" target=\"_blank\" rel=\"nofollow noopener\">Kiefer Sutherland \u00e9 preso acusado de agredir motorista de aplicativo nos EUA<\/a>&nbsp;&nbsp;G1<\/li>\n<li><a href=\"https:\/\/news.google.com\/rss\/articles\/CBMilgFBVV95cUxNdFRWZ1B5WkhFRXBHWE5oczNuUkVsM2xaazhvRF80b1p1cjZONFRESnhSa3JTYkxvNVdDZjcxdnFNQmQyTFhPMno5WUU1alRvSnBrTFpjYWV3MXdrRF8yVmt3NFNIWXZSVjlBVTFDWmhZQjRSNS1BYzhtR2NScDA1dEZDd1Q5ZUhLWWl4UXpXZ3NEb3dwWkE?oc=5\" target=\"_blank\" rel=\"nofollow noopener\">Alega\u00e7\u00e3o de agress\u00e3o por motorista de carona<\/a>&nbsp;&nbsp;aeroagora.com.br<\/li>\n<li><a href=\"https:\/\/news.google.com\/rss\/articles\/CBMilgFBVV95cUxPU0hGR29YYjl5SkFxcWJfQjVCVnJiT1ptSWhOM0NKMGY2eWxQVHNFSko0YVBEZjJ0SmlZOWRLU3RyYW9fcC1fQ3ByQ1pSSzhFOUh5cGQ4SlJ1VG12WV9NRjBkeXVqU25tZkR3VGgzZnBscTl3WFB3SGZVLU5rWThFZ0VDdUI1MDhqUzd0TG9ESlRMNW5idmfSAZsBQVVfeXFMTmlTZGZodEIyMGRNTURXbXpsUHMwSndQbldYVm9nQnpsekkyclNTM0s3akJ6Y1hQVWkzS3RBaVdpT3RFdHJPaVBWMkNmS1Y4TlVKNnI1QXZ6bERGSXpNY0ZtbFVEczR3VWM2dE1La0d3THBFZzA2eFJDSmdvZzI0YTVnWmk1SHN2QzJCZkVHT1BCeEd1UzhwV3NYUjQ?oc=5\" target=\"_blank\" rel=\"nofollow noopener\">Kiefer Sutherland, astro de 24 Horas, \u00e9 preso ap\u00f3s briga com motorista<\/a>&nbsp;&nbsp;ovicio.com.br<\/li>\n<li><a href=\"https:\/\/news.google.com\/rss\/articles\/CBMi2gFBVV95cUxNNDQzMHJvd1d1czhrYVQtT1FHLVJxVUJVdW5GdElXS2hyTEVGZkJmVDFfNGJ3ZHJmcjl2TERCQjhqMEU0WU4xZzZfYjJ1TnNVbDNHa3FOZTBQTDRRRFZvVG9FdEVWV0Q1M1RWbnRDNlYzX2hFd2hNM1Jfa3JFZzVDZURueVJDeFI4eWIySHF6emhYQlByMTZEUkY3RmZEamczMjhJVGNoeW9yMi1HOWN2OGhRbnRMYTkyZkFlblc3cEUwdDhKcVBVSzJSRlVGU01oVWlINmJrRHZtdw?oc=5\" target=\"_blank\" rel=\"nofollow noopener\">O ator Kiefer Sutherland foi preso por supostamente agredir um motorista de carona em Hollywood.<\/a>&nbsp;&nbsp;segundabase.com.br<\/li>\n<li><a href=\"https:\/\/news.google.com\/rss\/articles\/CBMigAFBVV95cUxNWG1FVV9VRno3aG1HbW00cWhjTm9oaE9PLTJMMnpZeG15RHhwbU1UZW5JUXNiQTRPbFBrUGNGenNxZ1lxYWxsX0hGVk55VFk1MGRkUjRJN2paek5ieFJEWm9sS01vdXBSZVdXTmdGYTRrX21jdUw4bWxraUxIR09haw?oc=5\" target=\"_blank\" rel=\"nofollow noopener\">Atro de \u201924 Horas\u2019, Kiefer Sutherland \u00e9 detido por amea\u00e7a criminal na Calif\u00f3rnia<\/a>&nbsp;&nbsp;Cabana do Leitor<\/li>\n<\/ol>\n","protected":false},"excerpt":{"rendered":"Kiefer Sutherland \u00e9 preso acusado de agredir motorista de aplicativo nos EUA&nbsp;&nbsp;G1 Alega\u00e7\u00e3o de agress\u00e3o por motorista de&hellip;\n","protected":false},"author":2,"featured_media":227811,"comment_status":"","ping_status":"","sticky":false,"template":"","format":"standard","meta":{"footnotes":""},"categories":[145],"tags":[211,210,114,115,32,33],"class_list":{"0":"post-227810","1":"post","2":"type-post","3":"status-publish","4":"format-standard","5":"has-post-thumbnail","7":"category-celebridades","8":"tag-celebridades","9":"tag-celebrities","10":"tag-entertainment","11":"tag-entretenimento","12":"tag-portugal","13":"tag-pt"},"share_on_mastodon":{"url":"https:\/\/pubeurope.com\/@pt\/115891730026115265","error":""},"_links":{"self":[{"href":"https:\/\/www.europesays.com\/pt\/wp-json\/wp\/v2\/posts\/227810","targetHints":{"allow":["GET"]}}],"collection":[{"href":"https:\/\/www.europesays.com\/pt\/wp-json\/wp\/v2\/posts"}],"about":[{"href":"https:\/\/www.europesays.com\/pt\/wp-json\/wp\/v2\/types\/post"}],"author":[{"embeddable":true,"href":"https:\/\/www.europesays.com\/pt\/wp-json\/wp\/v2\/users\/2"}],"replies":[{"embeddable":true,"href":"https:\/\/www.europesays.com\/pt\/wp-json\/wp\/v2\/comments?post=227810"}],"version-history":[{"count":0,"href":"https:\/\/www.europesays.com\/pt\/wp-json\/wp\/v2\/posts\/227810\/revisions"}],"wp:featuredmedia":[{"embeddable":true,"href":"https:\/\/www.europesays.com\/pt\/wp-json\/wp\/v2\/media\/227811"}],"wp:attachment":[{"href":"https:\/\/www.europesays.com\/pt\/wp-json\/wp\/v2\/media?parent=227810"}],"wp:term":[{"taxonomy":"category","embeddable":true,"href":"https:\/\/www.europesays.com\/pt\/wp-json\/wp\/v2\/categories?post=227810"},{"taxonomy":"post_tag","embeddable":true,"href":"https:\/\/www.europesays.com\/pt\/wp-json\/wp\/v2\/tags?post=227810"}],"curies":[{"name":"wp","href":"https:\/\/api.w.org\/{rel}","templated":true}]}}