{"id":227820,"date":"2026-01-14T05:22:25","date_gmt":"2026-01-14T05:22:25","guid":{"rendered":"https:\/\/www.europesays.com\/pt\/227820\/"},"modified":"2026-01-14T05:22:25","modified_gmt":"2026-01-14T05:22:25","slug":"luis-guilherme-nas-contas-de-rui-borges-sporting","status":"publish","type":"post","link":"https:\/\/www.europesays.com\/pt\/227820\/","title":{"rendered":"Lu\u00eds Guilherme nas contas de Rui Borges &#8211; Sporting"},"content":{"rendered":"<p>                    12 janeiro 2026 &#8211; 06:02<\/p>\n<p>Refor\u00e7o vai somar minutos no jogo com o Casa Pia, que marcar\u00e1 a sua estreia na Liga<\/p>\n<p>    &#13;<br \/>\n            &#13;<br \/>\n                &#13;<\/p>\n<p>                        &#13;<\/p>\n<p href=\"https:\/\/www.record.pt\/futebol\/futebol-nacional\/liga-betclic\/sporting\/detalhe\/javascript:void(0)\" title=\"Jo\u00e3o Soares Ribeiro\" class=\"name\">Jo\u00e3o Soares Ribeiro<\/p>\n<p>&#13;<br \/>\n                            Reda\u00e7\u00e3o&#13;<\/p>\n<p>                    &#13;<br \/>\n                &#13;<br \/>\n                &#13;<br \/>\n            &#13;<\/p>\n<p class=\"\">&#13;<br \/>\n        A trabalhar h\u00e1 pouco mais de uma semana no plantel do Sporting, Lu\u00eds Guilherme vai somar minutos diante do Casa Pia, na sexta-feira, naquele que dever\u00e1 ser o seu primeiro jogo na Liga. Mediante o que for o\u00a0 encaixe do ex-West Ham nas rotinas da equipa, n\u00e3o est\u00e1 descartada a possibilidade de fazer parte do onze  de Rui Borges.&#13;\n    <\/p>\n<p>                        Para ler TODOS OS ARTIGOS RECORD PREMIUM durante o dia 14.01.2026 insira o seu n\u00famero de telem\u00f3vel e clique em OK<\/p>\n<p>Consulte a aplica\u00e7\u00e3o MBway no seu telem\u00f3vel e aceite a transa\u00e7\u00e3o&#13;\n                    <\/p>\n<p>                        Os seus dados n\u00e3o ser\u00e3o guardados pelo Record<\/p>\n","protected":false},"excerpt":{"rendered":"12 janeiro 2026 &#8211; 06:02 Refor\u00e7o vai somar minutos no jogo com o Casa Pia, que marcar\u00e1 a&hellip;\n","protected":false},"author":2,"featured_media":227821,"comment_status":"","ping_status":"","sticky":false,"template":"","format":"standard","meta":{"footnotes":""},"categories":[8],"tags":[27,28,15,16,14,25,26,21,22,12,13,19,20,32,23,24,33,17,18,29,30,31],"class_list":{"0":"post-227820","1":"post","2":"type-post","3":"status-publish","4":"format-standard","5":"has-post-thumbnail","7":"category-principais-noticias","8":"tag-breaking-news","9":"tag-breakingnews","10":"tag-featured-news","11":"tag-featurednews","12":"tag-headlines","13":"tag-latest-news","14":"tag-latestnews","15":"tag-main-news","16":"tag-mainnews","17":"tag-news","18":"tag-noticias","19":"tag-noticias-principais","20":"tag-noticiasprincipais","21":"tag-portugal","22":"tag-principais-noticias","23":"tag-principaisnoticias","24":"tag-pt","25":"tag-top-stories","26":"tag-topstories","27":"tag-ultimas","28":"tag-ultimas-noticias","29":"tag-ultimasnoticias"},"share_on_mastodon":{"url":"https:\/\/pubeurope.com\/@pt\/115891781240076130","error":""},"_links":{"self":[{"href":"https:\/\/www.europesays.com\/pt\/wp-json\/wp\/v2\/posts\/227820","targetHints":{"allow":["GET"]}}],"collection":[{"href":"https:\/\/www.europesays.com\/pt\/wp-json\/wp\/v2\/posts"}],"about":[{"href":"https:\/\/www.europesays.com\/pt\/wp-json\/wp\/v2\/types\/post"}],"author":[{"embeddable":true,"href":"https:\/\/www.europesays.com\/pt\/wp-json\/wp\/v2\/users\/2"}],"replies":[{"embeddable":true,"href":"https:\/\/www.europesays.com\/pt\/wp-json\/wp\/v2\/comments?post=227820"}],"version-history":[{"count":0,"href":"https:\/\/www.europesays.com\/pt\/wp-json\/wp\/v2\/posts\/227820\/revisions"}],"wp:featuredmedia":[{"embeddable":true,"href":"https:\/\/www.europesays.com\/pt\/wp-json\/wp\/v2\/media\/227821"}],"wp:attachment":[{"href":"https:\/\/www.europesays.com\/pt\/wp-json\/wp\/v2\/media?parent=227820"}],"wp:term":[{"taxonomy":"category","embeddable":true,"href":"https:\/\/www.europesays.com\/pt\/wp-json\/wp\/v2\/categories?post=227820"},{"taxonomy":"post_tag","embeddable":true,"href":"https:\/\/www.europesays.com\/pt\/wp-json\/wp\/v2\/tags?post=227820"}],"curies":[{"name":"wp","href":"https:\/\/api.w.org\/{rel}","templated":true}]}}