{"id":227824,"date":"2026-01-14T05:26:08","date_gmt":"2026-01-14T05:26:08","guid":{"rendered":"https:\/\/www.europesays.com\/pt\/227824\/"},"modified":"2026-01-14T05:26:08","modified_gmt":"2026-01-14T05:26:08","slug":"assista-a-integra-do-jornal-da-record-6","status":"publish","type":"post","link":"https:\/\/www.europesays.com\/pt\/227824\/","title":{"rendered":"Assista \u00e0 \u00edntegra do Jornal da Record"},"content":{"rendered":"<p class=\"jarvics:base-text-neutral-high-400 base-text-[calc(theme(fontSize.xs)_*_var(--font-size,_1))] base-font-normal base-font-primary base-text-neutral-low-500 base-text-left\">Confira na edi\u00e7\u00e3o do Jornal da Record desta ter\u00e7a-feira (13): Passa de 2 mil o n\u00famero de mortos no Ir\u00e3 e governo marca a primeira execu\u00e7\u00e3o de um manifestante detido. Donald Trump declara apoio aos protestos e diz que ajuda est\u00e1 a caminho. Argentina encerra 2025 com a menor infla\u00e7\u00e3o dos \u00faltimos oito anos. Aqui no Brasil, deputado F\u00e9lix Mendon\u00e7a \u00e9 alvo de opera\u00e7\u00e3o contra o desvio de emendas parlamentares. Pol\u00edcia prende mais tr\u00eas suspeitos que teriam ordenado a execu\u00e7\u00e3o do ex-delegado-geral de SP, Ruy Ferraz Fontes. Lula anuncia advogado-geral da Petrobras como novo ministro da Justi\u00e7a e Seguran\u00e7a P\u00fablica. E a prepara\u00e7\u00e3o de Palmeiras e Santos para o cl\u00e1ssico desta quarta-feira (14) pelo Paulist\u00e3o.<\/p>\n","protected":false},"excerpt":{"rendered":"Confira na edi\u00e7\u00e3o do Jornal da Record desta ter\u00e7a-feira (13): Passa de 2 mil o n\u00famero de mortos&hellip;\n","protected":false},"author":2,"featured_media":227825,"comment_status":"","ping_status":"","sticky":false,"template":"","format":"standard","meta":{"footnotes":""},"categories":[142],"tags":[43805,114,115,43806,4286,32,33,151],"class_list":{"0":"post-227824","1":"post","2":"type-post","3":"status-publish","4":"format-standard","5":"has-post-thumbnail","7":"category-tv","8":"tag-13-01-2026","9":"tag-entertainment","10":"tag-entretenimento","11":"tag-integra","12":"tag-jornal-da-record","13":"tag-portugal","14":"tag-pt","15":"tag-tv"},"share_on_mastodon":{"url":"https:\/\/pubeurope.com\/@pt\/115891796871960969","error":""},"_links":{"self":[{"href":"https:\/\/www.europesays.com\/pt\/wp-json\/wp\/v2\/posts\/227824","targetHints":{"allow":["GET"]}}],"collection":[{"href":"https:\/\/www.europesays.com\/pt\/wp-json\/wp\/v2\/posts"}],"about":[{"href":"https:\/\/www.europesays.com\/pt\/wp-json\/wp\/v2\/types\/post"}],"author":[{"embeddable":true,"href":"https:\/\/www.europesays.com\/pt\/wp-json\/wp\/v2\/users\/2"}],"replies":[{"embeddable":true,"href":"https:\/\/www.europesays.com\/pt\/wp-json\/wp\/v2\/comments?post=227824"}],"version-history":[{"count":0,"href":"https:\/\/www.europesays.com\/pt\/wp-json\/wp\/v2\/posts\/227824\/revisions"}],"wp:featuredmedia":[{"embeddable":true,"href":"https:\/\/www.europesays.com\/pt\/wp-json\/wp\/v2\/media\/227825"}],"wp:attachment":[{"href":"https:\/\/www.europesays.com\/pt\/wp-json\/wp\/v2\/media?parent=227824"}],"wp:term":[{"taxonomy":"category","embeddable":true,"href":"https:\/\/www.europesays.com\/pt\/wp-json\/wp\/v2\/categories?post=227824"},{"taxonomy":"post_tag","embeddable":true,"href":"https:\/\/www.europesays.com\/pt\/wp-json\/wp\/v2\/tags?post=227824"}],"curies":[{"name":"wp","href":"https:\/\/api.w.org\/{rel}","templated":true}]}}