{"id":227836,"date":"2026-01-14T05:45:10","date_gmt":"2026-01-14T05:45:10","guid":{"rendered":"https:\/\/www.europesays.com\/pt\/227836\/"},"modified":"2026-01-14T05:45:10","modified_gmt":"2026-01-14T05:45:10","slug":"a-viver-um-romance-com-francisco-monteiro-ana-batista-esclarece-o-rumor-do-momento-primeira-companhia","status":"publish","type":"post","link":"https:\/\/www.europesays.com\/pt\/227836\/","title":{"rendered":"A viver um romance com Francisco Monteiro? Ana Batista esclarece o rumor do momento &#8211; Primeira Companhia"},"content":{"rendered":"<p>Muito se tem falado sobre um alegado romance entre <strong>Francisco Monteiro e Ana Batista<\/strong>. Os rumores surgiram depois de a ex-concorrente do <strong>Secret Story 9 <\/strong><a href=\"https:\/\/tvi.iol.pt\/secretstory\/marcia-soares\/francisco-monteiro\/apos-fim-do-namoro-com-barbara-parada-francisco-monteiro-tem-encontro-com-marcia-soares-e-nao-faltaram-as-indiretas\" rel=\"nofollow noopener\" target=\"_blank\">se ter cruzado com o vencedor do<strong> Big Brother 2023<\/strong> <\/a>num <strong>Di\u00e1rio<\/strong> do reality show da TVI que terminou a 31 de dezembro, e agora a jovem de Rans decidiu esclarecer tudo.<\/p>\n<p>Depois desse encontro de bastidores, alguns comentadores do <strong>Secret Story 9 <\/strong>mandaram bocas a <strong>Zaza <\/strong>sobre um poss\u00edvel interesse rom\u00e2ntico em Ana. A pr\u00f3pria garante que ouviu alguns boatos, mas assumiu-se surpreendida.<strong> \u00abJ\u00e1 ouvi qualquer coisa sobre isso (\u2026) mas n\u00e3o sei, n\u00e3o fa\u00e7o ideia, sinceramente\u00bb<\/strong>, disse, em declara\u00e7\u00f5es \u00e0 TV 7 Dias.<\/p>\n<p>Ana confirmou que os dois se cruzaram nos est\u00fadios da TVI, mas explicou que nunca houve grande conversa. <strong>\u00abFiquei surpreendida\u2026 cumpriment\u00e1mo-nos e ele foi correto, convers\u00e1mos um bocadinho acerca da minha presta\u00e7\u00e3o s\u00f3\u00bb,<\/strong> referiu.\u00a0<\/p>\n<p><strong>Percorra a nossa galeria e veja as melhores fotografias de Ana que prepar\u00e1mos para si<\/strong><\/p>\n","protected":false},"excerpt":{"rendered":"Muito se tem falado sobre um alegado romance entre Francisco Monteiro e Ana Batista. Os rumores surgiram depois&hellip;\n","protected":false},"author":2,"featured_media":227837,"comment_status":"","ping_status":"","sticky":false,"template":"","format":"standard","meta":{"footnotes":""},"categories":[85],"tags":[6340,328,114,115,2071,32686,338,42110,32,33,162],"class_list":{"0":"post-227836","1":"post","2":"type-post","3":"status-publish","4":"format-standard","5":"has-post-thumbnail","7":"category-entretenimento","8":"tag-ana","9":"tag-concorrentes","10":"tag-entertainment","11":"tag-entretenimento","12":"tag-francisco-monteiro","13":"tag-jose-moutinho","14":"tag-maria-botelho-moniz","15":"tag-momentos-virais-primeira-companhia","16":"tag-portugal","17":"tag-pt","18":"tag-tvi"},"share_on_mastodon":{"url":"https:\/\/pubeurope.com\/@pt\/115891871575165836","error":""},"_links":{"self":[{"href":"https:\/\/www.europesays.com\/pt\/wp-json\/wp\/v2\/posts\/227836","targetHints":{"allow":["GET"]}}],"collection":[{"href":"https:\/\/www.europesays.com\/pt\/wp-json\/wp\/v2\/posts"}],"about":[{"href":"https:\/\/www.europesays.com\/pt\/wp-json\/wp\/v2\/types\/post"}],"author":[{"embeddable":true,"href":"https:\/\/www.europesays.com\/pt\/wp-json\/wp\/v2\/users\/2"}],"replies":[{"embeddable":true,"href":"https:\/\/www.europesays.com\/pt\/wp-json\/wp\/v2\/comments?post=227836"}],"version-history":[{"count":0,"href":"https:\/\/www.europesays.com\/pt\/wp-json\/wp\/v2\/posts\/227836\/revisions"}],"wp:featuredmedia":[{"embeddable":true,"href":"https:\/\/www.europesays.com\/pt\/wp-json\/wp\/v2\/media\/227837"}],"wp:attachment":[{"href":"https:\/\/www.europesays.com\/pt\/wp-json\/wp\/v2\/media?parent=227836"}],"wp:term":[{"taxonomy":"category","embeddable":true,"href":"https:\/\/www.europesays.com\/pt\/wp-json\/wp\/v2\/categories?post=227836"},{"taxonomy":"post_tag","embeddable":true,"href":"https:\/\/www.europesays.com\/pt\/wp-json\/wp\/v2\/tags?post=227836"}],"curies":[{"name":"wp","href":"https:\/\/api.w.org\/{rel}","templated":true}]}}