{"id":227851,"date":"2026-01-14T06:13:13","date_gmt":"2026-01-14T06:13:13","guid":{"rendered":"https:\/\/www.europesays.com\/pt\/227851\/"},"modified":"2026-01-14T06:13:13","modified_gmt":"2026-01-14T06:13:13","slug":"comprimido-que-imita-exercicio-pode-transformar-tratamento-da-osteoporose-noticias-r7","status":"publish","type":"post","link":"https:\/\/www.europesays.com\/pt\/227851\/","title":{"rendered":"Comprimido que imita exerc\u00edcio pode transformar tratamento da osteoporose \u2013 Noticias R7"},"content":{"rendered":"<p><img decoding=\"async\" data-chromatic=\"ignore\" alt=\"\" class=\"c-image\" loading=\"lazy\" src=\"https:\/\/www.europesays.com\/pt\/wp-content\/uploads\/2026\/01\/DSVVL7AGCZEJFNMI6ZMKWS3TVE.jpeg\"  width=\"2048\" height=\"1152\"\/>Pesquisa abre caminho para rem\u00e9dio que simula exerc\u00edcio. (Foto: Pexels via Canva) Fala Ci\u00eancia <\/p>\n<p class=\"jarvics:base-text-neutral-high-400 base-text-[calc(theme(fontSize.xs)_*_var(--font-size,_1))] base-font-normal base-font-primary base-text-neutral-low-500 base-text-left\">\n<p>A atividade f\u00edsica sempre foi considerada uma das principais aliadas da <strong>sa\u00fade \u00f3ssea<\/strong>, mas at\u00e9 recentemente pouco se sabia sobre como o corpo transforma o movimento em <strong>ossos mais fortes<\/strong>. Por\u00e9m, uma descoberta cient\u00edfica revela que esse processo n\u00e3o \u00e9 apenas mec\u00e2nico, mas tamb\u00e9m molecular. Pesquisadores identificaram um mecanismo biol\u00f3gico capaz de explicar como o exerc\u00edcio protege o esqueleto e, mais surpreendente ainda, como esse <strong>efeito pode ser reproduzido por medicamentos<\/strong>.<\/p>\n<\/p>\n<p class=\"jarvics:base-text-neutral-high-400 base-text-[calc(theme(fontSize.xs)_*_var(--font-size,_1))] base-font-normal base-font-primary base-text-neutral-low-500 base-text-left\">\n<p>O avan\u00e7o foi descrito no estudo <strong>\u201cActivation of Piezo1 suppresses bone marrow adipogenesis to prevent osteoporosis via inhibition of a mechanoinflammatory autocrine circuit\u201d<\/strong>, publicado na revista <strong>Signal Transduction and Targeted Therapy<\/strong>, assinado por <strong>Baile Wang et al<\/strong>.<\/p>\n<\/p>\n<p class=\"jarvics:base-text-neutral-high-400 base-text-[calc(theme(fontSize.xs)_*_var(--font-size,_1))] base-font-normal base-font-primary base-text-neutral-low-500 base-text-left\">O papel da medula \u00f3ssea no enfraquecimento do esqueleto<\/p>\n<p class=\"jarvics:base-text-neutral-high-400 base-text-[calc(theme(fontSize.xs)_*_var(--font-size,_1))] base-font-normal base-font-primary base-text-neutral-low-500 base-text-left\">\n<p>Com o envelhecimento, os ossos se tornam progressivamente mais porosos e fr\u00e1geis. Um dos fatores centrais desse processo ocorre dentro da <strong>medula \u00f3ssea<\/strong>, onde c\u00e9lulas-tronco mesenquimais podem seguir dois caminhos distintos: formar <strong>novo tecido \u00f3sseo<\/strong> ou se transformar em <strong>c\u00e9lulas adiposas<\/strong>.<\/p>\n<\/p>\n<p class=\"jarvics:base-text-neutral-high-400 base-text-[calc(theme(fontSize.xs)_*_var(--font-size,_1))] base-font-normal base-font-primary base-text-neutral-low-500 base-text-left\">\n<p>Em condi\u00e7\u00f5es ideais, o est\u00edmulo mec\u00e2nico do exerc\u00edcio direciona essas c\u00e9lulas para a forma\u00e7\u00e3o \u00f3ssea. No entanto, com a idade e a redu\u00e7\u00e3o da mobilidade, cresce a tend\u00eancia de ac\u00famulo de gordura na medula, o que enfraquece ainda mais o esqueleto e alimenta um ciclo de perda \u00f3ssea dif\u00edcil de reverter.<\/p>\n<\/p>\n<p class=\"jarvics:base-text-neutral-high-400 base-text-[calc(theme(fontSize.xs)_*_var(--font-size,_1))] base-font-normal base-font-primary base-text-neutral-low-500 base-text-left\">Piezo1: o sensor molecular do exerc\u00edcio<\/p>\n<p><img decoding=\"async\" data-chromatic=\"ignore\" alt=\"\" class=\"c-image\" loading=\"lazy\" src=\"https:\/\/www.europesays.com\/pt\/wp-content\/uploads\/2026\/01\/SRCEW6WD2VFBZF7HHCVCKUXZJA.jpeg\"  width=\"1024\" height=\"576\"\/>Ativa\u00e7\u00e3o da Piezo1 reduz gordura na medula \u00f3ssea. (Foto: Getty Images via Canva) Fala Ci\u00eancia <\/p>\n<p class=\"jarvics:base-text-neutral-high-400 base-text-[calc(theme(fontSize.xs)_*_var(--font-size,_1))] base-font-normal base-font-primary base-text-neutral-low-500 base-text-left\">\n<p>O ponto central da descoberta est\u00e1 na prote\u00edna <strong>Piezo1<\/strong>, localizada na superf\u00edcie das c\u00e9lulas-tronco da medula \u00f3ssea. Essa prote\u00edna atua como um verdadeiro <strong>sensor mec\u00e2nico<\/strong>, capaz de detectar est\u00edmulos gerados pelo movimento corporal. Quando ativada, a Piezo1 reduz o ac\u00famulo de gordura na medula \u00f3ssea e favorece a forma\u00e7\u00e3o de novo osso.<\/p>\n<\/p>\n<p class=\"jarvics:base-text-neutral-high-400 base-text-[calc(theme(fontSize.xs)_*_var(--font-size,_1))] base-font-normal base-font-primary base-text-neutral-low-500 base-text-left\">\n<p>Em modelos experimentais, a ativa\u00e7\u00e3o dessa via manteve a resist\u00eancia \u00f3ssea mesmo com o avan\u00e7o da idade. Em contraste, a aus\u00eancia da Piezo1 levou ao aumento da adiposidade na medula, intensificou a perda \u00f3ssea e estimulou sinais inflamat\u00f3rios que bloqueiam a regenera\u00e7\u00e3o do tecido \u00f3sseo.<\/p>\n<\/p>\n<p class=\"jarvics:base-text-neutral-high-400 base-text-[calc(theme(fontSize.xs)_*_var(--font-size,_1))] base-font-normal base-font-primary base-text-neutral-low-500 base-text-left\">Um novo caminho para tratar a osteoporose<\/p>\n<p class=\"jarvics:base-text-neutral-high-400 base-text-[calc(theme(fontSize.xs)_*_var(--font-size,_1))] base-font-normal base-font-primary base-text-neutral-low-500 base-text-left\">\n<p>Esse entendimento abre uma possibilidade in\u00e9dita: <strong>imitar biologicamente os efeitos do exerc\u00edcio<\/strong>. Ao ativar quimicamente a via da Piezo1, seria poss\u00edvel induzir o organismo a responder como se estivesse em movimento, mesmo em pessoas com mobilidade limitada.<\/p>\n<\/p>\n<p class=\"jarvics:base-text-neutral-high-400 base-text-[calc(theme(fontSize.xs)_*_var(--font-size,_1))] base-font-normal base-font-primary base-text-neutral-low-500 base-text-left\">\n<p>Essa abordagem pode beneficiar especialmente:<\/p>\n<\/p>\n<p class=\"jarvics:base-text-neutral-high-400 base-text-[calc(theme(fontSize.xs)_*_var(--font-size,_1))] base-font-normal base-font-primary base-text-neutral-low-500 base-text-left\">\n<ul class=\"wp-block-list\">\n<li>idosos com risco elevado de fraturas<\/li>\n<li>pacientes acamados ou com doen\u00e7as cr\u00f4nicas<\/li>\n<li>pessoas impossibilitadas de praticar exerc\u00edcios regulares<\/li>\n<\/ul>\n<p class=\"jarvics:base-text-neutral-high-400 base-text-[calc(theme(fontSize.xs)_*_var(--font-size,_1))] base-font-normal base-font-primary base-text-neutral-low-500 base-text-left\">\n<p>Al\u00e9m de fortalecer os ossos, a ativa\u00e7\u00e3o controlada dessa via pode reduzir inflama\u00e7\u00f5es locais e restaurar o equil\u00edbrio da medula \u00f3ssea.<\/p>\n<\/p>\n<p class=\"jarvics:base-text-neutral-high-400 base-text-[calc(theme(fontSize.xs)_*_var(--font-size,_1))] base-font-normal base-font-primary base-text-neutral-low-500 base-text-left\">O futuro dos tratamentos \u00f3sseos<\/p>\n<p class=\"jarvics:base-text-neutral-high-400 base-text-[calc(theme(fontSize.xs)_*_var(--font-size,_1))] base-font-normal base-font-primary base-text-neutral-low-500 base-text-left\">\n<p>Embora ainda em fase experimental, a descoberta estabelece bases s\u00f3lidas para o desenvolvimento de <strong>medicamentos mim\u00e9ticos do exerc\u00edcio<\/strong>, capazes de preservar a massa \u00f3ssea e reduzir o risco de fraturas.\u00a0A longo prazo, essa estrat\u00e9gia pode complementar ou at\u00e9 transformar as abordagens atuais contra a <strong>osteoporose<\/strong>, oferecendo mais autonomia e qualidade de vida a popula\u00e7\u00f5es vulner\u00e1veis.<\/p><\/p>\n","protected":false},"excerpt":{"rendered":"Pesquisa abre caminho para rem\u00e9dio que simula exerc\u00edcio. (Foto: Pexels via Canva) Fala Ci\u00eancia A atividade f\u00edsica sempre&hellip;\n","protected":false},"author":2,"featured_media":227852,"comment_status":"","ping_status":"","sticky":false,"template":"","format":"standard","meta":{"footnotes":""},"categories":[86],"tags":[116,32,33,117],"class_list":{"0":"post-227851","1":"post","2":"type-post","3":"status-publish","4":"format-standard","5":"has-post-thumbnail","7":"category-saude","8":"tag-health","9":"tag-portugal","10":"tag-pt","11":"tag-saude"},"share_on_mastodon":{"url":"https:\/\/pubeurope.com\/@pt\/115891981704513567","error":""},"_links":{"self":[{"href":"https:\/\/www.europesays.com\/pt\/wp-json\/wp\/v2\/posts\/227851","targetHints":{"allow":["GET"]}}],"collection":[{"href":"https:\/\/www.europesays.com\/pt\/wp-json\/wp\/v2\/posts"}],"about":[{"href":"https:\/\/www.europesays.com\/pt\/wp-json\/wp\/v2\/types\/post"}],"author":[{"embeddable":true,"href":"https:\/\/www.europesays.com\/pt\/wp-json\/wp\/v2\/users\/2"}],"replies":[{"embeddable":true,"href":"https:\/\/www.europesays.com\/pt\/wp-json\/wp\/v2\/comments?post=227851"}],"version-history":[{"count":0,"href":"https:\/\/www.europesays.com\/pt\/wp-json\/wp\/v2\/posts\/227851\/revisions"}],"wp:featuredmedia":[{"embeddable":true,"href":"https:\/\/www.europesays.com\/pt\/wp-json\/wp\/v2\/media\/227852"}],"wp:attachment":[{"href":"https:\/\/www.europesays.com\/pt\/wp-json\/wp\/v2\/media?parent=227851"}],"wp:term":[{"taxonomy":"category","embeddable":true,"href":"https:\/\/www.europesays.com\/pt\/wp-json\/wp\/v2\/categories?post=227851"},{"taxonomy":"post_tag","embeddable":true,"href":"https:\/\/www.europesays.com\/pt\/wp-json\/wp\/v2\/tags?post=227851"}],"curies":[{"name":"wp","href":"https:\/\/api.w.org\/{rel}","templated":true}]}}