{"id":227855,"date":"2026-01-14T06:20:12","date_gmt":"2026-01-14T06:20:12","guid":{"rendered":"https:\/\/www.europesays.com\/pt\/227855\/"},"modified":"2026-01-14T06:20:12","modified_gmt":"2026-01-14T06:20:12","slug":"jessica-vieira-reage-a-boca-de-afonso-leitao-limitacoes","status":"publish","type":"post","link":"https:\/\/www.europesays.com\/pt\/227855\/","title":{"rendered":"J\u00e9ssica Vieira reage a boca de Afonso Leit\u00e3o: &#8220;Limita\u00e7\u00f5es&#8221;"},"content":{"rendered":"<p>A conversa que J\u00e9ssica Vieira teve com Merche Romero e Z\u00e9 Lopes, esta ter\u00e7a-feira, dia 13, no programa &#8220;Bom Dia Alegria&#8221;, est\u00e1 a dar que falar.<\/p>\n<p>Por ser uma entrevista de vida, J\u00e9ssica Vieira acabou por falar, inevitavelmente, sobre a rela\u00e7\u00e3o que manteve com Afonso Leit\u00e3o e sobre o facto de t\u00ea-lo reencontrado, j\u00e1 enquanto ex-namorado, no &#8220;<a href=\"https:\/\/tvi.iol.pt\/bigbrother\/\" target=\"_blank\" rel=\"nofollow noopener\">Big Brother<\/a> Ver\u00e3o&#8221;. Algo que, mesmo assim, n\u00e3o agradou ao jovem.<\/p>\n<p>&#8220;Desafio do ano: dar uma entrevista sem falar do Afonso&#8221;, disparou <a href=\"https:\/\/selfie.iol.pt\/famosos\/casa-dos-segredos\/ate-vou-dizer-uma-coisa-que-nao-tinha-de-dizer-apos-falhar-funeral-de-maycon-douglas-afonso-leitao-quebra-o-silencio\/20260111\/6963ff61d34e0ec52ec1f754\" target=\"_blank\" rel=\"nofollow noopener\">Afonso Leit\u00e3o<\/a>, no Instagram, partilhando um excerto do matutino do <a href=\"https:\/\/tvi.iol.pt\/vmais\/\" target=\"_blank\" rel=\"nofollow noopener\">V+<\/a>.<\/p>\n<p>Este mesmo coment\u00e1rio foi reproduzido no X, antigo Twitter, por um internauta que apontou o dedo ao tamb\u00e9m ex-concorrente da oitava edi\u00e7\u00e3o de &#8220;<a href=\"https:\/\/tvi.iol.pt\/secretstory\/\" target=\"_blank\" rel=\"nofollow noopener\">Secret Story<\/a> &#8211; Casa dos Segredos&#8221;, reality show da <a href=\"https:\/\/tvi.iol.pt\/\" target=\"_blank\" rel=\"nofollow noopener\">TVI<\/a> no qual se apaixonou por J\u00e9ssica Vieira.<\/p>\n<p>&#8220;Algu\u00e9m avisa o Afonso que, em nenhuma entrevista, o nome dele saiu da boca da J\u00e9ssica? N\u00e3o sei mesmo que canais ele anda a ver.\u00a0Deve ser o Panda mesmo.\u00a0Se \u00e9 questionada por apresentadores, tem de responder. Na minha cabe\u00e7a, ele j\u00e1 sabia disto, mas n\u00e3o. Continua lento&#8221;, criticou um utilizador daquela rede social.<\/p>\n<p>Em rea\u00e7\u00e3o a esta observa\u00e7\u00e3o, a vencedora do &#8220;Big Brother Ver\u00e3o&#8221; escreveu: &#8220;Limita\u00e7\u00f5es. N\u00e3o se d\u00e1 o que se quer, j\u00e1 aprendi&#8221;.<\/p>\n<blockquote class=\"twitter-tweet\">\n<p lang=\"pt\">Limita\u00e7\u00f5es \ud83e\udd37\ud83c\udffc\u200d\u2640\ufe0f<br \/>N\u00e3o se d\u00e1 o que se quer, j\u00e1 aprendi \ud83d\ude0f<\/p>\n<p> \u2014 Jessica vieira oficial (@Jessicacsvieira) <a href=\"https:\/\/twitter.com\/Jessicacsvieira\/status\/2011126951017120249?ref_src=twsrc%5Etfw\" rel=\"nofollow noopener\" target=\"_blank\">January 13, 2026<\/a>\n<\/p><\/blockquote>\n<p>Tamb\u00e9m no X, outra pessoa saiu em defesa de <a href=\"https:\/\/selfie.iol.pt\/famosos\/casa-dos-segredos\/apos-fotos-ineditas-de-afonso-leitao-catarina-miranda-reage-a-gesto-inconveniente\/20260110\/69629045d34e92a344973c0e\" target=\"_blank\" rel=\"nofollow noopener\">Afonso Leit\u00e3o<\/a>. &#8220;Amiga, porque n\u00e3o foste falar da tua carreira na m\u00fasica ou sei l\u00e1 o que vais fazer? Fazias melhor figura! N\u00e3o queres falar, mas acabas sempre por falar. Passaram-se cinco meses desde que acabou o programa. Segue em frente. Pois \u00e9, mas o teu conte\u00fado n\u00e3o existe&#8221;, atirou.<\/p>\n<p>&#8220;Minha querida, as perguntas s\u00e3o feitas n\u00e3o por mim e respondidas com educa\u00e7\u00e3o. N\u00e3o sou eu que fa\u00e7o o seguimento do programa. Nem preciso de pol\u00e9micas para estar na minha vida e para &#8216;aparecer&#8217;, como usa no seu vocabul\u00e1rio.\u00a0Felicidades&#8221;, respondeu J\u00e9ssica Vieira.<\/p>\n<blockquote class=\"twitter-tweet\">\n<p lang=\"pt\">Minha querida as perguntas s\u00e3o feitas n\u00e3o por mim e respondidas com educa\u00e7\u00e3o, n\u00e3o sou eu que fa\u00e7o o seguimento do programa.<\/p>\n<p>Nem preciso de pol\u00e9micas para estar na minha vida e para \u201caparecer\u201d como usa no seu vocabul\u00e1rio.<\/p>\n<p>Felicidades \u263a\ufe0f<\/p>\n<p>\u00a0<\/p>\n<p> \u2014 Jessica vieira oficial (@Jessicacsvieira) <a href=\"https:\/\/twitter.com\/Jessicacsvieira\/status\/2011141881149948211?ref_src=twsrc%5Etfw\" rel=\"nofollow noopener\" target=\"_blank\">January 13, 2026<\/a>\n<\/p><\/blockquote>\n<p>Veja, agora, os v\u00eddeos da entrevista concedida pela antiga moradora da casa mais vigiada do Pa\u00eds.<\/p>\n<p>                        <script async src=\"https:\/\/platform.twitter.com\/widgets.js\" charset=\"utf-8\"><\/script><\/p>\n","protected":false},"excerpt":{"rendered":"A conversa que J\u00e9ssica Vieira teve com Merche Romero e Z\u00e9 Lopes, esta ter\u00e7a-feira, dia 13, no programa&hellip;\n","protected":false},"author":2,"featured_media":227856,"comment_status":"","ping_status":"","sticky":false,"template":"","format":"standard","meta":{"footnotes":""},"categories":[145],"tags":[2031,6308,48,1170,66,2632,7869,211,210,114,115,6309,980,1417,6970,32,33,1014,1315,6985,7868,7867,1012,6986,7870,162,30142,30143,15375,6972,30141,6971],"class_list":{"0":"post-227855","1":"post","2":"type-post","3":"status-publish","4":"format-standard","5":"has-post-thumbnail","7":"category-celebridades","8":"tag-afonso-leitao","9":"tag-bb","10":"tag-big-brother","11":"tag-big-brother-verao","12":"tag-bom-dia-alegria","13":"tag-casa-dos-segredos","14":"tag-casa-dos-segredos-8","15":"tag-celebridades","16":"tag-celebrities","17":"tag-entertainment","18":"tag-entretenimento","19":"tag-ex-concorrente","20":"tag-famosos","21":"tag-jessica-vieira","22":"tag-merche-romero","23":"tag-portugal","24":"tag-pt","25":"tag-reality-show","26":"tag-secret-story","27":"tag-secret-story-casa-dos-segredos","28":"tag-secret-story-casa-dos-segredos-8","29":"tag-secret-story-8","30":"tag-selfie","31":"tag-ss","32":"tag-ss8","33":"tag-tvi","34":"tag-v-mais","35":"tag-v-mais-tvi","36":"tag-vencedora","37":"tag-vmais","38":"tag-vmais-tvi","39":"tag-ze-lopes"},"share_on_mastodon":{"url":"https:\/\/pubeurope.com\/@pt\/115892009193673773","error":""},"_links":{"self":[{"href":"https:\/\/www.europesays.com\/pt\/wp-json\/wp\/v2\/posts\/227855","targetHints":{"allow":["GET"]}}],"collection":[{"href":"https:\/\/www.europesays.com\/pt\/wp-json\/wp\/v2\/posts"}],"about":[{"href":"https:\/\/www.europesays.com\/pt\/wp-json\/wp\/v2\/types\/post"}],"author":[{"embeddable":true,"href":"https:\/\/www.europesays.com\/pt\/wp-json\/wp\/v2\/users\/2"}],"replies":[{"embeddable":true,"href":"https:\/\/www.europesays.com\/pt\/wp-json\/wp\/v2\/comments?post=227855"}],"version-history":[{"count":0,"href":"https:\/\/www.europesays.com\/pt\/wp-json\/wp\/v2\/posts\/227855\/revisions"}],"wp:featuredmedia":[{"embeddable":true,"href":"https:\/\/www.europesays.com\/pt\/wp-json\/wp\/v2\/media\/227856"}],"wp:attachment":[{"href":"https:\/\/www.europesays.com\/pt\/wp-json\/wp\/v2\/media?parent=227855"}],"wp:term":[{"taxonomy":"category","embeddable":true,"href":"https:\/\/www.europesays.com\/pt\/wp-json\/wp\/v2\/categories?post=227855"},{"taxonomy":"post_tag","embeddable":true,"href":"https:\/\/www.europesays.com\/pt\/wp-json\/wp\/v2\/tags?post=227855"}],"curies":[{"name":"wp","href":"https:\/\/api.w.org\/{rel}","templated":true}]}}