{"id":227875,"date":"2026-01-14T06:48:09","date_gmt":"2026-01-14T06:48:09","guid":{"rendered":"https:\/\/www.europesays.com\/pt\/227875\/"},"modified":"2026-01-14T06:48:09","modified_gmt":"2026-01-14T06:48:09","slug":"o-que-leonardo-dicaprio-comentou-sobre-guerreiras-do-k-pop-no-globo-de-ouro","status":"publish","type":"post","link":"https:\/\/www.europesays.com\/pt\/227875\/","title":{"rendered":"O que Leonardo DiCaprio comentou sobre &#8216;Guerreiras do K-pop&#8217; no Globo de Ouro?"},"content":{"rendered":"<p>No \u00faltimo domingo, 11, \u201c<a href=\"https:\/\/recreio.com.br\/tags\/guerreiras-do-k-pop\" target=\"_blank\" rel=\"noopener nofollow\">Guerreiras do K-pop<\/a>\u201d voltou a atrair aten\u00e7\u00e3o do mundo ao conquistar duas categorias na 83\u00ba edi\u00e7\u00e3o do Globo de Ouro: \u2018Melhor Anima\u00e7\u00e3o\u2019 e \u2018Melhor Ca\u00e7\u00e3o Original\u2019 com o hit \u201cGolden\u201d. Esta que, inclusive, foi comentado por\u00a0<strong>Leonardo DiCaprio<\/strong>, renomado nome da ind\u00fastria cinematogr\u00e1fica mundial.<\/p>\n<p>Acontece que, logo ap\u00f3s o an\u00fancio da vit\u00f3ria na categoria musical, a rea\u00e7\u00e3o do ator foi captada pelas c\u00e2meras e passou a repercutir nas redes sociais rapidamente, se tornou um dos assuntos mais <a href=\"https:\/\/recreio.com.br\/noticias\/entretenimento\/guerreiras-do-k-pop-vence-o-premio-de-melhor-animacao-no-golden-globes-2026.phtml\" target=\"_blank\" rel=\"noopener nofollow\">comentados da premia\u00e7\u00e3o<\/a>. Assim, especialistas em leitura labial de diferentes partes do mundo a analisarem o di\u00e1logo. <\/p>\n<p>Segundo as interpreta\u00e7\u00f5es divulgadas nas redes, <strong data-start=\"860\" data-end=\"872\">DiCaprio<\/strong> teria comentado sobre <strong data-start=\"895\" data-end=\"920\">\u201c<\/strong>Guerreiras do K-pop\u201d com outra artista, dizendo: \u201cEu estava assistindo voc\u00ea na hora do \u2018[Guerreiras do] K-pop\u2019 ganhou e voc\u00ea: \u2018\u00c9 esse? Quem \u00e9 o K-pop? Ah, s\u00e3o eles? Ah! \u00c9 mesmo!&#8217;\u201d.<\/p>\n<blockquote class=\"twitter-tweet\" data-media-max-width=\"560\">\n<p dir=\"ltr\" lang=\"pt\">Leitura labial do Leonardo DiCaprio no Globo de Ouro, ap\u00f3s o K-pop ganhar! Dublado PT-BR \ud83c\udde7\ud83c\uddf7 <a href=\"https:\/\/t.co\/1e1x8ViVMq\" rel=\"nofollow\">pic.twitter.com\/1e1x8ViVMq<\/a><\/p>\n<p>\u2014 VELLOSO (@vellosogg) <a href=\"https:\/\/twitter.com\/vellosogg\/status\/2011055746939568308?ref_src=twsrc%5Etfw\" target=\"_blank\" rel=\"noopener nofollow\">January 13, 2026<\/a><\/p>\n<\/blockquote>\n<p>Mesmo sem confirma\u00e7\u00e3o oficial sobre o conte\u00fado exato da conversa do astro de \u201cUma Batalha Ap\u00f3s a Outra\u201d, o v\u00eddeo circula entre os internautas, principalmente pelas caras e bocas feitas. Segundo o\u00a0<a href=\"https:\/\/deadline.com\/2026\/01\/leonardo-dicaprio-candid-golden-globes-goes-viral-1236680334\/\" target=\"_blank\" rel=\"noopener nofollow\">Deadline<\/a>, uma das teorias especuladas \u00e9 que <strong>DiCaprio <\/strong>estivesse falando com sua colega de elenco, <strong>Chase Infiniti<\/strong>,\u00a0que \u00e9 f\u00e3 do g\u00eanero sul-coreano.<\/p>\n<p> Guerreiras do K-pop x Premia\u00e7\u00f5es <\/p>\n<p>\u2018Guerreiras do K-pop\u2019 foi dirigida por <strong>Maggie Kang<\/strong>\u00a0e\u00a0<strong>Chris Appelhans<\/strong>, com produ\u00e7\u00e3o pela Sony Animations e distribu\u00edda pela Netflix \u2014 estreada no dia 20 de junho de 2025. Se tornando um verdadeiro fen\u00f4meno em toda a ind\u00fastria do entretenimento, a anima\u00e7\u00e3o continua tomando os holofotes na temporada de premia\u00e7\u00f5es do cinema e m\u00fasica.<\/p>\n<p>Iniciando com pr\u00eamios expressivos nas principais categorias dos eventos sul-coreanos, como <a href=\"https:\/\/en.wikipedia.org\/wiki\/MAMA_Awards\" target=\"_blank\" rel=\"noopener nofollow\">MAMA Awards<\/a>, a produ\u00e7\u00e3o alcan\u00e7ou reconhecimento n\u00e3o apenas no Globo de Ouro, com duas estatuetas, mas tamb\u00e9m no Critics Choice Awards no qual venceu a categoria de \u201cMelhor Anima\u00e7\u00e3o\u201d e Melhor Can\u00e7\u00e3o com \u201cGolden\u201d.\u00a0<\/p>\n<p>Atualmente, o longa animado aguarda \u00e0 indica\u00e7\u00e3o de prest\u00edgio do Oscar ap\u00f3s conquistar a nomea\u00e7\u00e3o ao <a href=\"https:\/\/x.com\/RecordingAcad\" target=\"_blank\" rel=\"noopener nofollow\">Grammys Awards.<\/a><\/p>\n<p>\t                                            <script async src=\"https:\/\/platform.twitter.com\/widgets.js\" charset=\"utf-8\"><\/script><\/p>\n","protected":false},"excerpt":{"rendered":"No \u00faltimo domingo, 11, \u201cGuerreiras do K-pop\u201d voltou a atrair aten\u00e7\u00e3o do mundo ao conquistar duas categorias na&hellip;\n","protected":false},"author":2,"featured_media":227876,"comment_status":"","ping_status":"","sticky":false,"template":"","format":"standard","meta":{"footnotes":""},"categories":[145],"tags":[211,210,114,115,32,33],"class_list":{"0":"post-227875","1":"post","2":"type-post","3":"status-publish","4":"format-standard","5":"has-post-thumbnail","7":"category-celebridades","8":"tag-celebridades","9":"tag-celebrities","10":"tag-entertainment","11":"tag-entretenimento","12":"tag-portugal","13":"tag-pt"},"share_on_mastodon":{"url":"https:\/\/pubeurope.com\/@pt\/115892119285751302","error":""},"_links":{"self":[{"href":"https:\/\/www.europesays.com\/pt\/wp-json\/wp\/v2\/posts\/227875","targetHints":{"allow":["GET"]}}],"collection":[{"href":"https:\/\/www.europesays.com\/pt\/wp-json\/wp\/v2\/posts"}],"about":[{"href":"https:\/\/www.europesays.com\/pt\/wp-json\/wp\/v2\/types\/post"}],"author":[{"embeddable":true,"href":"https:\/\/www.europesays.com\/pt\/wp-json\/wp\/v2\/users\/2"}],"replies":[{"embeddable":true,"href":"https:\/\/www.europesays.com\/pt\/wp-json\/wp\/v2\/comments?post=227875"}],"version-history":[{"count":0,"href":"https:\/\/www.europesays.com\/pt\/wp-json\/wp\/v2\/posts\/227875\/revisions"}],"wp:featuredmedia":[{"embeddable":true,"href":"https:\/\/www.europesays.com\/pt\/wp-json\/wp\/v2\/media\/227876"}],"wp:attachment":[{"href":"https:\/\/www.europesays.com\/pt\/wp-json\/wp\/v2\/media?parent=227875"}],"wp:term":[{"taxonomy":"category","embeddable":true,"href":"https:\/\/www.europesays.com\/pt\/wp-json\/wp\/v2\/categories?post=227875"},{"taxonomy":"post_tag","embeddable":true,"href":"https:\/\/www.europesays.com\/pt\/wp-json\/wp\/v2\/tags?post=227875"}],"curies":[{"name":"wp","href":"https:\/\/api.w.org\/{rel}","templated":true}]}}