{"id":227877,"date":"2026-01-14T06:51:09","date_gmt":"2026-01-14T06:51:09","guid":{"rendered":"https:\/\/www.europesays.com\/pt\/227877\/"},"modified":"2026-01-14T06:51:09","modified_gmt":"2026-01-14T06:51:09","slug":"terra-forte-confissao-intensa-deixa-flor-em-lagrimas-e-susette-destruida-novelas","status":"publish","type":"post","link":"https:\/\/www.europesays.com\/pt\/227877\/","title":{"rendered":"Terra Forte:\u00a0Confiss\u00e3o intensa deixa Flor em l\u00e1grimas e Susette destru\u00edda &#8211; Novelas"},"content":{"rendered":"<p>Em \u00abTerra Forte\u00bb, Flor (Benedita Pereira) diz a Sammy (Jos\u00e9 Fidalgo)n\u00e3o aceitar que causem tanta infelicidade em tanta gente para ficarem juntos por ambos terem constitu\u00eddo fam\u00edlia. Sammy diz que t\u00eam de pensar em si pr\u00f3prios por n\u00e3o conseguir continuar a viver sem a ter ao seu lado, tendo sido isso que lhe disse quando ela estava em coma no hospital. Flor olha-o muito emocionada. Susette (In\u00eas Faria) est\u00e1 de cora\u00e7\u00e3o partido a ouvir aquilo. Leumi surge e puxa-a dali.<\/p>\n","protected":false},"excerpt":{"rendered":"Em \u00abTerra Forte\u00bb, Flor (Benedita Pereira) diz a Sammy (Jos\u00e9 Fidalgo)n\u00e3o aceitar que causem tanta infelicidade em tanta&hellip;\n","protected":false},"author":2,"featured_media":227878,"comment_status":"","ping_status":"","sticky":false,"template":"","format":"standard","meta":{"footnotes":""},"categories":[142],"tags":[160,166,114,115,157,167,164,2931,161,158,165,159,32,33,156,18614,163,151,162],"class_list":{"0":"post-227877","1":"post","2":"type-post","3":"status-publish","4":"format-standard","5":"has-post-thumbnail","7":"category-tv","8":"tag-ana-guiomar","9":"tag-cristina-ferreira","10":"tag-entertainment","11":"tag-entretenimento","12":"tag-festa-e-festa","13":"tag-ficcao","14":"tag-jose-fidalgo","15":"tag-novela","16":"tag-novelas","17":"tag-para-sempre","18":"tag-pedro-sousa","19":"tag-pedro-teixeira","20":"tag-portugal","21":"tag-pt","22":"tag-queridos-papas","23":"tag-terra-forte","24":"tag-tiago-teotonio-pereira","25":"tag-tv","26":"tag-tvi"},"share_on_mastodon":{"url":"https:\/\/pubeurope.com\/@pt\/115892131095064959","error":""},"_links":{"self":[{"href":"https:\/\/www.europesays.com\/pt\/wp-json\/wp\/v2\/posts\/227877","targetHints":{"allow":["GET"]}}],"collection":[{"href":"https:\/\/www.europesays.com\/pt\/wp-json\/wp\/v2\/posts"}],"about":[{"href":"https:\/\/www.europesays.com\/pt\/wp-json\/wp\/v2\/types\/post"}],"author":[{"embeddable":true,"href":"https:\/\/www.europesays.com\/pt\/wp-json\/wp\/v2\/users\/2"}],"replies":[{"embeddable":true,"href":"https:\/\/www.europesays.com\/pt\/wp-json\/wp\/v2\/comments?post=227877"}],"version-history":[{"count":0,"href":"https:\/\/www.europesays.com\/pt\/wp-json\/wp\/v2\/posts\/227877\/revisions"}],"wp:featuredmedia":[{"embeddable":true,"href":"https:\/\/www.europesays.com\/pt\/wp-json\/wp\/v2\/media\/227878"}],"wp:attachment":[{"href":"https:\/\/www.europesays.com\/pt\/wp-json\/wp\/v2\/media?parent=227877"}],"wp:term":[{"taxonomy":"category","embeddable":true,"href":"https:\/\/www.europesays.com\/pt\/wp-json\/wp\/v2\/categories?post=227877"},{"taxonomy":"post_tag","embeddable":true,"href":"https:\/\/www.europesays.com\/pt\/wp-json\/wp\/v2\/tags?post=227877"}],"curies":[{"name":"wp","href":"https:\/\/api.w.org\/{rel}","templated":true}]}}