{"id":227911,"date":"2026-01-14T07:35:29","date_gmt":"2026-01-14T07:35:29","guid":{"rendered":"https:\/\/www.europesays.com\/pt\/227911\/"},"modified":"2026-01-14T07:35:29","modified_gmt":"2026-01-14T07:35:29","slug":"supergirl-milly-alcock-aparece-radiante-em-imagem-inedita-do-filme-da-dc-studios","status":"publish","type":"post","link":"https:\/\/www.europesays.com\/pt\/227911\/","title":{"rendered":"Supergirl: Milly Alcock aparece radiante em imagem in\u00e9dita do filme da DC Studios"},"content":{"rendered":"<p class=\"wp-block-yoast-seo-estimated-reading-time yoast-reading-time__wrapper\">Estimated reading time: 1 minuto<\/p>\n<p>O USA Today listou \u00a0<a href=\"https:\/\/ovicio.com.br\/filme\/supergirl-a-mulher-do-amanha\/\" target=\"_blank\" rel=\"noreferrer noopener nofollow\">Supergirl (2025)<\/a> como um dos filmes mais aguardados do ano, e divulgou uma imagem in\u00e9dita da produ\u00e7\u00e3o.<\/p>\n<p>Na imagem, <strong>Milly Alcock <\/strong>aparece radiante no que parece ser cockpit\u00a0de uma nave. Confira:<\/p>\n<p><img fetchpriority=\"high\" decoding=\"async\" width=\"1024\" height=\"673\" src=\"https:\/\/www.europesays.com\/pt\/wp-content\/uploads\/2026\/01\/20260107-image-12-1024x673.png\" alt=\"\" class=\"lazyload wp-image-888964\"  data-\/>Divulga\u00e7\u00e3o\/DC Studios via USA Today<\/p>\n<p><strong>Supergirl (2025)<\/strong>, vale ressaltar, chega aos cinemas em\u00a0<strong>25 de junho<\/strong>. Com roteiro de\u00a0<strong>Ana Nogueira<\/strong>, o filme conta com <strong>Craig Gillespie<\/strong>\u00a0(Eu, Tonya) como diretor.<\/p>\n<p>Leia tamb\u00e9m sobre Supergirl:<\/p>\n<p><strong>Fonte: <\/strong><a href=\"https:\/\/www.usatoday.com\/story\/entertainment\/movies\/2026\/01\/07\/2026-movies-to-watch-exclusive\/87796020007\/\" target=\"_blank\" rel=\"noreferrer noopener nofollow\">USA Today<\/a><\/p>\n","protected":false},"excerpt":{"rendered":"Estimated reading time: 1 minuto O USA Today listou \u00a0Supergirl (2025) como um dos filmes mais aguardados do&hellip;\n","protected":false},"author":2,"featured_media":202257,"comment_status":"","ping_status":"","sticky":false,"template":"","format":"standard","meta":{"footnotes":""},"categories":[140],"tags":[16248,7319,114,115,147,148,7320,4741,15714,25194,12242,146,12985,32,33,17014,7322,16261,37747,37694,16809],"class_list":{"0":"post-227911","1":"post","2":"type-post","3":"status-publish","4":"format-standard","5":"has-post-thumbnail","7":"category-filmes","8":"tag-ana-nogueira","9":"tag-dc-studios","10":"tag-entertainment","11":"tag-entretenimento","12":"tag-film","13":"tag-filmes","14":"tag-james-gunn","15":"tag-jason-momoa","16":"tag-lobo","17":"tag-matthias-schoenaerts","18":"tag-milly-alcock","19":"tag-movies","20":"tag-peter-safran","21":"tag-portugal","22":"tag-pt","23":"tag-seth-rogen","24":"tag-supergirl","25":"tag-supergirl-a-mulher-do-amanha","26":"tag-superman-filme","27":"tag-warner-bros-company","28":"tag-warner-bros-discovery"},"share_on_mastodon":{"url":"https:\/\/pubeurope.com\/@pt\/115892304209566018","error":""},"_links":{"self":[{"href":"https:\/\/www.europesays.com\/pt\/wp-json\/wp\/v2\/posts\/227911","targetHints":{"allow":["GET"]}}],"collection":[{"href":"https:\/\/www.europesays.com\/pt\/wp-json\/wp\/v2\/posts"}],"about":[{"href":"https:\/\/www.europesays.com\/pt\/wp-json\/wp\/v2\/types\/post"}],"author":[{"embeddable":true,"href":"https:\/\/www.europesays.com\/pt\/wp-json\/wp\/v2\/users\/2"}],"replies":[{"embeddable":true,"href":"https:\/\/www.europesays.com\/pt\/wp-json\/wp\/v2\/comments?post=227911"}],"version-history":[{"count":0,"href":"https:\/\/www.europesays.com\/pt\/wp-json\/wp\/v2\/posts\/227911\/revisions"}],"wp:featuredmedia":[{"embeddable":true,"href":"https:\/\/www.europesays.com\/pt\/wp-json\/wp\/v2\/media\/202257"}],"wp:attachment":[{"href":"https:\/\/www.europesays.com\/pt\/wp-json\/wp\/v2\/media?parent=227911"}],"wp:term":[{"taxonomy":"category","embeddable":true,"href":"https:\/\/www.europesays.com\/pt\/wp-json\/wp\/v2\/categories?post=227911"},{"taxonomy":"post_tag","embeddable":true,"href":"https:\/\/www.europesays.com\/pt\/wp-json\/wp\/v2\/tags?post=227911"}],"curies":[{"name":"wp","href":"https:\/\/api.w.org\/{rel}","templated":true}]}}