{"id":227917,"date":"2026-01-14T07:44:08","date_gmt":"2026-01-14T07:44:08","guid":{"rendered":"https:\/\/www.europesays.com\/pt\/227917\/"},"modified":"2026-01-14T07:44:08","modified_gmt":"2026-01-14T07:44:08","slug":"solange-couto-se-machuca-em-prova-do-lider","status":"publish","type":"post","link":"https:\/\/www.europesays.com\/pt\/227917\/","title":{"rendered":"Solange Couto se machuca em Prova do L\u00edder"},"content":{"rendered":"<p class=\"bullet mt-0\" data-v-232111b4=\"\"><strong>Ela solicitou ajuda da produ\u00e7\u00e3o, que pediu que ela aguardasse,<\/strong> &#8220;Vou com o ferimento aberto assim mesmo?&#8221;<\/p>\n<p class=\"bullet\" data-v-232111b4=\"\"><strong>A atriz explicou que sua preocupa\u00e7\u00e3o era com o ferimento infeccionar. <\/strong>Minutos depois, ela foi chamada para um atendimento m\u00e9dico.<\/p>\n<p class=\"bullet\" data-v-232111b4=\"\"><strong>Tempos depois, a atriz retornou normalmente para a prova ap\u00f3s o atendimento.<\/strong><\/p>\n<p>Como funciona a prova<\/p>\n<p class=\"bullet\" data-v-232111b4=\"\"><strong>Os brothers ficaram posicionados em um trampolim, ao redor de uma grande piscina<\/strong>. Ao sinal sonoro, deveriam entrar na piscina e procurar um cart\u00e3o entre v\u00e1rias op\u00e7\u00f5es e posicion\u00e1-lo no local correto.<\/p>\n<p class=\"bullet\" data-v-232111b4=\"\"><strong>Ap\u00f3s isso, um cart\u00e3o espec\u00edfico ser\u00e1 sorteado e aquele que o escolheu ganhar\u00e1 a rodada.<\/strong> Se mais de uma pessoa o escolheu, vencer\u00e1 a rodada aquele que primeiro colocou o cart\u00e3o. O vencedor poder\u00e1 descansar na pr\u00f3xima rodada.<\/p>\n","protected":false},"excerpt":{"rendered":"Ela solicitou ajuda da produ\u00e7\u00e3o, que pediu que ela aguardasse, &#8220;Vou com o ferimento aberto assim mesmo?&#8221; A&hellip;\n","protected":false},"author":2,"featured_media":227918,"comment_status":"","ping_status":"","sticky":false,"template":"","format":"standard","meta":{"footnotes":""},"categories":[145],"tags":[211,210,114,115,32,33],"class_list":{"0":"post-227917","1":"post","2":"type-post","3":"status-publish","4":"format-standard","5":"has-post-thumbnail","7":"category-celebridades","8":"tag-celebridades","9":"tag-celebrities","10":"tag-entertainment","11":"tag-entretenimento","12":"tag-portugal","13":"tag-pt"},"share_on_mastodon":{"url":"https:\/\/pubeurope.com\/@pt\/115892339488769572","error":""},"_links":{"self":[{"href":"https:\/\/www.europesays.com\/pt\/wp-json\/wp\/v2\/posts\/227917","targetHints":{"allow":["GET"]}}],"collection":[{"href":"https:\/\/www.europesays.com\/pt\/wp-json\/wp\/v2\/posts"}],"about":[{"href":"https:\/\/www.europesays.com\/pt\/wp-json\/wp\/v2\/types\/post"}],"author":[{"embeddable":true,"href":"https:\/\/www.europesays.com\/pt\/wp-json\/wp\/v2\/users\/2"}],"replies":[{"embeddable":true,"href":"https:\/\/www.europesays.com\/pt\/wp-json\/wp\/v2\/comments?post=227917"}],"version-history":[{"count":0,"href":"https:\/\/www.europesays.com\/pt\/wp-json\/wp\/v2\/posts\/227917\/revisions"}],"wp:featuredmedia":[{"embeddable":true,"href":"https:\/\/www.europesays.com\/pt\/wp-json\/wp\/v2\/media\/227918"}],"wp:attachment":[{"href":"https:\/\/www.europesays.com\/pt\/wp-json\/wp\/v2\/media?parent=227917"}],"wp:term":[{"taxonomy":"category","embeddable":true,"href":"https:\/\/www.europesays.com\/pt\/wp-json\/wp\/v2\/categories?post=227917"},{"taxonomy":"post_tag","embeddable":true,"href":"https:\/\/www.europesays.com\/pt\/wp-json\/wp\/v2\/tags?post=227917"}],"curies":[{"name":"wp","href":"https:\/\/api.w.org\/{rel}","templated":true}]}}