{"id":227954,"date":"2026-01-14T08:32:05","date_gmt":"2026-01-14T08:32:05","guid":{"rendered":"https:\/\/www.europesays.com\/pt\/227954\/"},"modified":"2026-01-14T08:32:05","modified_gmt":"2026-01-14T08:32:05","slug":"programacao-do-sbt-hoje-quarta-14-01-2026","status":"publish","type":"post","link":"https:\/\/www.europesays.com\/pt\/227954\/","title":{"rendered":"Programa\u00e7\u00e3o do SBT hoje (quarta, 14\/01\/2026)"},"content":{"rendered":"<p>Confira a programa\u00e7\u00e3o do <a href=\"https:\/\/tvhistoria.com.br\/tag\/sbt\" data-type=\"link\" data-id=\"https:\/\/tvhnews.com.br\/tag\/sbt\" target=\"_blank\" rel=\"noreferrer noopener nofollow\">SBT<\/a> nesta quarta, 14 de janeiro de 2026:<\/p>\n<p>06h00 \u2013 SBT Manh\u00e3<br \/>08h30 \u2013 Primeira Impacto<br \/>11h00 \u2013 Al\u00f4 Voc\u00ea<br \/>13h45 \u2013 Esmeralda<br \/>14h45 \u2013 Rubi<br \/>15h30 \u2013 Fofocalizando<br \/>16h45 \u2013 Casos de Fam\u00edlia<br \/>17h45 \u2013 Cora\u00e7\u00e3o Indom\u00e1vel<br \/>18h30 \u2013 Aqui Agora<br \/>19h45 \u2013 SBT Brasil<br \/>21h00 \u2013 A.Mar<br \/>21h45 \u2013 Programa do Ratinho<br \/>23h00 \u2013 Love Taste \u2013 Receita Para o Amor<br \/>00h30 \u2013 The Noite com Danilo Gentili<br \/>01h30 \u2013 Opera\u00e7\u00e3o Mesquita<br \/>02h00 \u2013 SBT Podnight<br \/>02h45 \u2013 SBT Not\u00edcias<\/p>\n<p>Vale lembrar que a programa\u00e7\u00e3o \u00e9 fornecida pela assessoria de imprensa do SBT e pode sofrer modifica\u00e7\u00f5es sem aviso pr\u00e9vio.<\/p>\n<p><a href=\"https:\/\/tvhistoria.com.br\/categoria\/programacao\" data-type=\"link\" data-id=\"https:\/\/tvhnews.com.br\/categoria\/programacao\" target=\"_blank\" rel=\"noreferrer noopener nofollow\">Clique aqui<\/a> para conferir a programa\u00e7\u00e3o de outras emissoras.<\/p>\n","protected":false},"excerpt":{"rendered":"Confira a programa\u00e7\u00e3o do SBT nesta quarta, 14 de janeiro de 2026: 06h00 \u2013 SBT Manh\u00e308h30 \u2013 Primeira&hellip;\n","protected":false},"author":2,"featured_media":227955,"comment_status":"","ping_status":"","sticky":false,"template":"","format":"standard","meta":{"footnotes":""},"categories":[142],"tags":[114,115,32,33,151],"class_list":{"0":"post-227954","1":"post","2":"type-post","3":"status-publish","4":"format-standard","5":"has-post-thumbnail","7":"category-tv","8":"tag-entertainment","9":"tag-entretenimento","10":"tag-portugal","11":"tag-pt","12":"tag-tv"},"share_on_mastodon":{"url":"https:\/\/pubeurope.com\/@pt\/115892528220773592","error":""},"_links":{"self":[{"href":"https:\/\/www.europesays.com\/pt\/wp-json\/wp\/v2\/posts\/227954","targetHints":{"allow":["GET"]}}],"collection":[{"href":"https:\/\/www.europesays.com\/pt\/wp-json\/wp\/v2\/posts"}],"about":[{"href":"https:\/\/www.europesays.com\/pt\/wp-json\/wp\/v2\/types\/post"}],"author":[{"embeddable":true,"href":"https:\/\/www.europesays.com\/pt\/wp-json\/wp\/v2\/users\/2"}],"replies":[{"embeddable":true,"href":"https:\/\/www.europesays.com\/pt\/wp-json\/wp\/v2\/comments?post=227954"}],"version-history":[{"count":0,"href":"https:\/\/www.europesays.com\/pt\/wp-json\/wp\/v2\/posts\/227954\/revisions"}],"wp:featuredmedia":[{"embeddable":true,"href":"https:\/\/www.europesays.com\/pt\/wp-json\/wp\/v2\/media\/227955"}],"wp:attachment":[{"href":"https:\/\/www.europesays.com\/pt\/wp-json\/wp\/v2\/media?parent=227954"}],"wp:term":[{"taxonomy":"category","embeddable":true,"href":"https:\/\/www.europesays.com\/pt\/wp-json\/wp\/v2\/categories?post=227954"},{"taxonomy":"post_tag","embeddable":true,"href":"https:\/\/www.europesays.com\/pt\/wp-json\/wp\/v2\/tags?post=227954"}],"curies":[{"name":"wp","href":"https:\/\/api.w.org\/{rel}","templated":true}]}}