{"id":227990,"date":"2026-01-14T09:12:14","date_gmt":"2026-01-14T09:12:14","guid":{"rendered":"https:\/\/www.europesays.com\/pt\/227990\/"},"modified":"2026-01-14T09:12:14","modified_gmt":"2026-01-14T09:12:14","slug":"novidades-em-perspetiva-o-onze-provavel-do-fc-porto-para-o-classico-a-bola","status":"publish","type":"post","link":"https:\/\/www.europesays.com\/pt\/227990\/","title":{"rendered":"Novidades em perspetiva: o onze prov\u00e1vel do FC Porto para o cl\u00e1ssico &#8211; A Bola"},"content":{"rendered":"<ol>\n<li><a href=\"https:\/\/news.google.com\/rss\/articles\/CBMiuAFBVV95cUxOVFNMcjcwZlJ2cFNoN0xRODN3VmlxaGtDdDdUeXYtcEVmeE1ialRTZnVraS0zYW9EN0JfZEMxSTBCMlNLZUQ2VmhtNFY1d0hkejNqdW9FNGwwWFB3ZHA1bUlOWEFqZEdSV01jblVYczNhd0l0bUxtWmduNVdjd3lWLUdRb0MwVVo2R0FCV0E0bXpIOXFxWGRCZmY2bFppSVo5OEg0ZnViUUh5cDBrOXF1NWVFXzI0VTZl?oc=5\" target=\"_blank\" rel=\"nofollow noopener\">Novidades em perspetiva: o onze prov\u00e1vel do FC Porto para o cl\u00e1ssico<\/a>&nbsp;&nbsp;A Bola<\/li>\n<li><a href=\"https:\/\/news.google.com\/rss\/articles\/CBMi6wFBVV95cUxNTzl2R2RUQjRSa0ZfNFZFbUl1aHV5WVJ5d3I1Rm1IQlM4LVkweDV5d2FkSUdqOGl4d0RmcUNZX0dFTFdsTHNQZzZWYXFvYWpqR0RpSUpJWmp4endoTm5TYjFaZExSdGladW5tY0U5eHpVNFZrQW44WXNRajQyYlZxaGpMaDQxOHZBY0VDaTA1VGxGOGpiTWlsYWstbkpGRGVNWEo5WlBNMGpiWlphM3NTbTBNXzJ1amUwSVltcUlyM2VERl95LUZra3B4VXM2NVlOVTVHYVJla2RxMU9MMi1aWjVwZ0NkSXF1ek5j?oc=5\" target=\"_blank\" rel=\"nofollow noopener\">Porto x Benfica: onde assistir, escala\u00e7\u00f5es e arbitragem<\/a>&nbsp;&nbsp;Terra<\/li>\n<li><a href=\"https:\/\/news.google.com\/rss\/articles\/CBMie0FVX3lxTE16ZVdZMVd3LWNuUEhBbUEtcnVZS252cDN3d0VZOF9QOWJTSktUWXZxX01jc19ZZE5rX0RDRy1wakJnaTRCXzBGemJnRThXeHB0YjlJdGRBU0k0TmFub1VXMUhYRDJOX2FFZEt6dmFnWlRFbE1PaWh2ZENkRQ?oc=5\" target=\"_blank\" rel=\"nofollow noopener\">Porto x Benfica \u2013 Palpites, an\u00e1lise e odds<\/a>&nbsp;&nbsp;LANCE!<\/li>\n<li><a href=\"https:\/\/news.google.com\/rss\/articles\/CBMipAFBVV95cUxPVFVac1g3aDd2YzFpQVJ6N1FxN0VTOWJwX1dfSGFaaWs1NzlScHNGV1BWbEh5Ump2ck9SNEJ4U3B1dmZXenpNVVB5aEFNZkNZckZsNDNhbWNiUUlFSzRmN1huRVh0S2p0dmQ2NnF5ZHZoSlliSWlHcUw5TW94WUtmRXAyRVdEd0ZJQ0NnSkhVM0FEazN6bUxlMGZmN2tFeVh0OU95VQ?oc=5\" target=\"_blank\" rel=\"nofollow noopener\">Drag\u00f5es e \u00c1guias \u00e0 conquista da maioria absoluta na Ta\u00e7a<\/a>&nbsp;&nbsp;Observador<\/li>\n<li><a href=\"https:\/\/news.google.com\/rss\/articles\/CBMiuwFBVV95cUxNN0w0aHVLTGhKNFdYY0V2al9ObFJ1LXpsYUtIdDAwemVRQTAwUFF0S09sU1hVcEczdnBVaGhTUHdYbncwOWdLczgxcUtMbHI0ZVJBdjRUcmtpVEMtdmJsb2VkMU96ZnhJc28zSzhFRzRUSGtlOGpseE04WnJlS2R0R1JFMWk3Q1lLZjNSQW1ua2JONjdfVy15V3o0dzFHUDVndDdSYkJYRWVpWkJ6SjBYdmRjeTB1U3dVM3pV?oc=5\" target=\"_blank\" rel=\"nofollow noopener\">Farioli d\u00e1 m\u00e1 not\u00edcia para amanh\u00e3: \u201cFrancisco Moura est\u00e1 fora do cl\u00e1ssico\u201d<\/a>&nbsp;&nbsp;OneFootball<\/li>\n<\/ol>\n","protected":false},"excerpt":{"rendered":"Novidades em perspetiva: o onze prov\u00e1vel do FC Porto para o cl\u00e1ssico&nbsp;&nbsp;A Bola Porto x Benfica: onde assistir,&hellip;\n","protected":false},"author":2,"featured_media":227991,"comment_status":"","ping_status":"","sticky":false,"template":"","format":"standard","meta":{"footnotes":""},"categories":[8],"tags":[27,28,15,16,14,25,26,21,22,12,13,19,20,32,23,24,33,17,18,29,30,31],"class_list":{"0":"post-227990","1":"post","2":"type-post","3":"status-publish","4":"format-standard","5":"has-post-thumbnail","7":"category-principais-noticias","8":"tag-breaking-news","9":"tag-breakingnews","10":"tag-featured-news","11":"tag-featurednews","12":"tag-headlines","13":"tag-latest-news","14":"tag-latestnews","15":"tag-main-news","16":"tag-mainnews","17":"tag-news","18":"tag-noticias","19":"tag-noticias-principais","20":"tag-noticiasprincipais","21":"tag-portugal","22":"tag-principais-noticias","23":"tag-principaisnoticias","24":"tag-pt","25":"tag-top-stories","26":"tag-topstories","27":"tag-ultimas","28":"tag-ultimas-noticias","29":"tag-ultimasnoticias"},"share_on_mastodon":{"url":"https:\/\/pubeurope.com\/@pt\/115892685722083797","error":""},"_links":{"self":[{"href":"https:\/\/www.europesays.com\/pt\/wp-json\/wp\/v2\/posts\/227990","targetHints":{"allow":["GET"]}}],"collection":[{"href":"https:\/\/www.europesays.com\/pt\/wp-json\/wp\/v2\/posts"}],"about":[{"href":"https:\/\/www.europesays.com\/pt\/wp-json\/wp\/v2\/types\/post"}],"author":[{"embeddable":true,"href":"https:\/\/www.europesays.com\/pt\/wp-json\/wp\/v2\/users\/2"}],"replies":[{"embeddable":true,"href":"https:\/\/www.europesays.com\/pt\/wp-json\/wp\/v2\/comments?post=227990"}],"version-history":[{"count":0,"href":"https:\/\/www.europesays.com\/pt\/wp-json\/wp\/v2\/posts\/227990\/revisions"}],"wp:featuredmedia":[{"embeddable":true,"href":"https:\/\/www.europesays.com\/pt\/wp-json\/wp\/v2\/media\/227991"}],"wp:attachment":[{"href":"https:\/\/www.europesays.com\/pt\/wp-json\/wp\/v2\/media?parent=227990"}],"wp:term":[{"taxonomy":"category","embeddable":true,"href":"https:\/\/www.europesays.com\/pt\/wp-json\/wp\/v2\/categories?post=227990"},{"taxonomy":"post_tag","embeddable":true,"href":"https:\/\/www.europesays.com\/pt\/wp-json\/wp\/v2\/tags?post=227990"}],"curies":[{"name":"wp","href":"https:\/\/api.w.org\/{rel}","templated":true}]}}