{"id":227998,"date":"2026-01-14T09:20:09","date_gmt":"2026-01-14T09:20:09","guid":{"rendered":"https:\/\/www.europesays.com\/pt\/227998\/"},"modified":"2026-01-14T09:20:09","modified_gmt":"2026-01-14T09:20:09","slug":"leste-amazonense-parintins-e-mais-15-municipios-da-macrorregiao-mantem-mobilizacao-pela-vacinacao-de-criancas-e-adolescentes","status":"publish","type":"post","link":"https:\/\/www.europesays.com\/pt\/227998\/","title":{"rendered":"LESTE AMAZONENSE: Parintins e mais 15 munic\u00edpios da macrorregi\u00e3o mant\u00eam mobiliza\u00e7\u00e3o pela vacina\u00e7\u00e3o de crian\u00e7as e adolescentes"},"content":{"rendered":"<p>Os <strong>16 munic\u00edpios da macrorregi\u00e3o de sa\u00fade Leste do Amazonas \u2013 entre eles Barreirinha, Humait\u00e1, Parintins, Itacoatiara e Mau\u00e9s \u2013 seguem mobilizados na vacina\u00e7\u00e3o de crian\u00e7as e adolescentes<\/strong>.\u00a0<\/p>\n<p>As coberturas vacinais registradas na macrorregi\u00e3o preocupam. <strong>Diversas vacinas, como a de poliomielite e a tr\u00edplice viral, que protege contra o sarampo, est\u00e3o abaixo da meta estabelecida pelo Minist\u00e9rio da Sa\u00fade<\/strong>.<\/p>\n<p>Em <strong>Parintins, a aut\u00f4noma Samantha Cristina Andrade, de 29 anos, m\u00e3e de um beb\u00ea de 2 anos, tamb\u00e9m faz da vacina\u00e7\u00e3o uma prioridade<\/strong>. Para a moradora do bairro Tonzinho Saunier, vacinar \u00e9 um cuidado que atravessa gera\u00e7\u00f5es e salva vidas.<\/p>\n<p>\u201cAcredito que vacinas salvam vidas. Minha m\u00e3e sempre foi prevenida em quest\u00e3o disso e previno meu filho tamb\u00e9m. As vacinas dele est\u00e3o todas atualizadas.\u201d<\/p>\n<p>A diretora-presidente da Funda\u00e7\u00e3o de Vigil\u00e2ncia em Sa\u00fade do Amazonas, Tatyana Amorim, refor\u00e7a o chamado:<\/p>\n<p>\u201cNo Amazonas, refor\u00e7amos continuamente que a caderneta de vacina\u00e7\u00e3o \u00e9 um documento fundamental de prote\u00e7\u00e3o \u00e0 vida. As orienta\u00e7\u00f5es destinadas aos profissionais de sa\u00fade municipais e por eles replicadas aos pais e respons\u00e1veis, s\u00e3o desenvolvidas de maneira permanente por meio das unidades b\u00e1sicas de sa\u00fade, das escolas, das redes sociais oficiais e das a\u00e7\u00f5es de comunica\u00e7\u00e3o voltadas a traduzir, de modo simples e direto, os benef\u00edcios da imuniza\u00e7\u00e3o.\u201d<\/p>\n<p>As <strong>vacinas fazem parte do Calend\u00e1rio Nacional de Vacina\u00e7\u00e3o e est\u00e3o dispon\u00edveis durante todo o ano nas Unidades B\u00e1sicas de Sa\u00fade. <\/strong>N\u00e3o deixe de se proteger e proteger aqueles que voc\u00ea ama!<\/p>\n<p>As vacinas para as crian\u00e7as garantem prote\u00e7\u00e3o contra doen\u00e7as como sarampo, poliomielite, tuberculose, hepatite B, meningites, difteria, t\u00e9tano, coqueluche, HPV, febre amarela e covid-19.<\/p>\n<p>Para os adolescentes menores de 15 anos, o foco \u00e9 atualizar a situa\u00e7\u00e3o vacinal, completando os esquemas em atraso de suas vacinas. \u00c9 importante lembrar que a vacina de HPV est\u00e1 dispon\u00edvel para jovens de 15 a 19 anos. N\u00e3o perca a oportunidade de mais essa prote\u00e7\u00e3o!<\/p>\n<p>O diretor do Departamento do Programa Nacional de Imuniza\u00e7\u00f5es, Eder Gatti, ressalta que <strong>a vacina\u00e7\u00e3o \u00e9 a melhor medida para manter o pa\u00eds livre das doen\u00e7as j\u00e1 controladas, como poliomielite e sarampo<\/strong>. Fa\u00e7a sua parte!<\/p>\n<p>\u201cTivemos grande \u00eaxito, mas n\u00e3o podemos deixar que essas doen\u00e7as retornem. Ent\u00e3o, \u00e9 muito importante que a popula\u00e7\u00e3o se vacine. As vacinas do SUS [Sistema \u00danico de Sa\u00fade] s\u00e3o seguras e protegem, o que \u00e9 mais importante. Ent\u00e3o, vacinar \u00e9 uma prote\u00e7\u00e3o individual, mas tamb\u00e9m prote\u00e7\u00e3o de toda a comunidade.\u201d<\/p>\n<p>Aten\u00e7\u00e3o pais e respons\u00e1veis do Amazonas! Atualizem a caderneta de vacina\u00e7\u00e3o de crian\u00e7as e adolescentes menores de 15 anos. Procurem uma Unidade B\u00e1sica de Sa\u00fade e mantenham a prote\u00e7\u00e3o em dia.<\/p>\n<p>Saiba mais em <a href=\"http:\/\/gov.br\/vacinacao\" rel=\"nofollow noopener\" target=\"_blank\"><strong>gov.br\/vacinacao<\/strong><\/a>.<br \/>&#13;<br \/>\n\u2003<br \/>&#13;<br \/>\n\u00a0<\/p>\n","protected":false},"excerpt":{"rendered":"Os 16 munic\u00edpios da macrorregi\u00e3o de sa\u00fade Leste do Amazonas \u2013 entre eles Barreirinha, Humait\u00e1, Parintins, Itacoatiara e&hellip;\n","protected":false},"author":2,"featured_media":227999,"comment_status":"","ping_status":"","sticky":false,"template":"","format":"standard","meta":{"footnotes":""},"categories":[86],"tags":[1430,3274,1425,1420,1419,1427,1426,1422,1424,1421,1423,116,1428,52,32,1429,33,1670,117,2820],"class_list":{"0":"post-227998","1":"post","2":"type-post","3":"status-publish","4":"format-standard","5":"has-post-thumbnail","7":"category-saude","8":"tag-agronegocios","9":"tag-amazonas","10":"tag-audio-para-radio","11":"tag-brasi-61","12":"tag-brasil61","13":"tag-brasilia","14":"tag-congresso","15":"tag-conteudo-para-blog","16":"tag-conteudo-para-gratuito","17":"tag-conteudo-para-radios","18":"tag-conteudo-para-site","19":"tag-health","20":"tag-jornalismo","21":"tag-politica","22":"tag-portugal","23":"tag-previsao-do-tempo","24":"tag-pt","25":"tag-sarampo","26":"tag-saude","27":"tag-vacinacao"},"share_on_mastodon":{"url":"https:\/\/pubeurope.com\/@pt\/115892717035767658","error":""},"_links":{"self":[{"href":"https:\/\/www.europesays.com\/pt\/wp-json\/wp\/v2\/posts\/227998","targetHints":{"allow":["GET"]}}],"collection":[{"href":"https:\/\/www.europesays.com\/pt\/wp-json\/wp\/v2\/posts"}],"about":[{"href":"https:\/\/www.europesays.com\/pt\/wp-json\/wp\/v2\/types\/post"}],"author":[{"embeddable":true,"href":"https:\/\/www.europesays.com\/pt\/wp-json\/wp\/v2\/users\/2"}],"replies":[{"embeddable":true,"href":"https:\/\/www.europesays.com\/pt\/wp-json\/wp\/v2\/comments?post=227998"}],"version-history":[{"count":0,"href":"https:\/\/www.europesays.com\/pt\/wp-json\/wp\/v2\/posts\/227998\/revisions"}],"wp:featuredmedia":[{"embeddable":true,"href":"https:\/\/www.europesays.com\/pt\/wp-json\/wp\/v2\/media\/227999"}],"wp:attachment":[{"href":"https:\/\/www.europesays.com\/pt\/wp-json\/wp\/v2\/media?parent=227998"}],"wp:term":[{"taxonomy":"category","embeddable":true,"href":"https:\/\/www.europesays.com\/pt\/wp-json\/wp\/v2\/categories?post=227998"},{"taxonomy":"post_tag","embeddable":true,"href":"https:\/\/www.europesays.com\/pt\/wp-json\/wp\/v2\/tags?post=227998"}],"curies":[{"name":"wp","href":"https:\/\/api.w.org\/{rel}","templated":true}]}}