{"id":228004,"date":"2026-01-14T09:25:33","date_gmt":"2026-01-14T09:25:33","guid":{"rendered":"https:\/\/www.europesays.com\/pt\/228004\/"},"modified":"2026-01-14T09:25:33","modified_gmt":"2026-01-14T09:25:33","slug":"energia-portugal-lanca-concurso-para-autonomia-de-hospitais-em-caso-de-apagao","status":"publish","type":"post","link":"https:\/\/www.europesays.com\/pt\/228004\/","title":{"rendered":"Energia. Portugal lan\u00e7a concurso para autonomia de hospitais em caso de apag\u00e3o"},"content":{"rendered":"<p>                O concurso vai ser financiado com dinheiro europeu, no \u00e2mbito do Programa Sustent\u00e1vel 2030 e conta, no total, com um envelope de 25 milh\u00f5es de euros. Ainda n\u00e3o est\u00e1 definido quanto poder\u00e1 receber cada institui\u00e7\u00e3o, mas o apoio destina-se a projetos que aumentem a autonomia energ\u00e9tica e a capacidade de resposta destas infraestruturas.<\/p>\n<p>As candidaturas abrangem &#8220;entidades do Estado, IPSS ou privados, mas que t\u00eam de ter uma fun\u00e7\u00e3o p\u00fablica importante para o pa\u00eds&#8221;, explica a ministra do Ambiente, Maria da Gra\u00e7a Carvalho, \u00e0 Antena 1. &#8220;Para ter acesso \u00e0 eletricidade, a maneira mais consistente e eficiente \u00e9 ter, por exemplo, pain\u00e9is fotovoltaicos com baterias que possam armazenar essa eletricidade&#8221;.<br \/>&#13;\n<\/p>\n<p>          <img decoding=\"async\" itemprop=\"image\" class=\"img-fluid\"   src=\"https:\/\/www.europesays.com\/pt\/wp-content\/uploads\/2026\/01\/bg_playeraudio_5.jpg\"\/><\/p>\n<p>\nPortugal pediu autoriza\u00e7\u00e3o \u00e0 Comiss\u00e3o Europeia no final do ano passado para lan\u00e7ar este processo de candidaturas, tendo em conta o apag\u00e3o que afetou o pa\u00eds em abril de 2025. A abertura do concurso \u00e9 vista pelo Governo como um dos primeiros passos para colocar no terreno a estrat\u00e9gia nacional de prote\u00e7\u00e3o e resili\u00eancia de infraestruturas cr\u00edticas.<\/p>\n<p>A lista das infraestruturas consideradas cr\u00edticas est\u00e1 definida num diploma legal e inclui setores como a sa\u00fade, a energia, os transportes, as telecomunica\u00e7\u00f5es e a \u00e1gua.<br \/>&#13;\n            <\/p>\n","protected":false},"excerpt":{"rendered":"O concurso vai ser financiado com dinheiro europeu, no \u00e2mbito do Programa Sustent\u00e1vel 2030 e conta, no total,&hellip;\n","protected":false},"author":2,"featured_media":228005,"comment_status":"","ping_status":"","sticky":false,"template":"","format":"standard","meta":{"footnotes":""},"categories":[10],"tags":[27,28,15,16,14,25,26,21,22,12,13,19,20,32,23,24,33,420,421,17,18,29,30,31],"class_list":{"0":"post-228004","1":"post","2":"type-post","3":"status-publish","4":"format-standard","5":"has-post-thumbnail","7":"category-portugal","8":"tag-breaking-news","9":"tag-breakingnews","10":"tag-featured-news","11":"tag-featurednews","12":"tag-headlines","13":"tag-latest-news","14":"tag-latestnews","15":"tag-main-news","16":"tag-mainnews","17":"tag-news","18":"tag-noticias","19":"tag-noticias-principais","20":"tag-noticiasprincipais","21":"tag-portugal","22":"tag-principais-noticias","23":"tag-principaisnoticias","24":"tag-pt","25":"tag-rtp","26":"tag-rtp-noticias","27":"tag-top-stories","28":"tag-topstories","29":"tag-ultimas","30":"tag-ultimas-noticias","31":"tag-ultimasnoticias"},"share_on_mastodon":{"url":"https:\/\/pubeurope.com\/@pt\/115892736640782001","error":""},"_links":{"self":[{"href":"https:\/\/www.europesays.com\/pt\/wp-json\/wp\/v2\/posts\/228004","targetHints":{"allow":["GET"]}}],"collection":[{"href":"https:\/\/www.europesays.com\/pt\/wp-json\/wp\/v2\/posts"}],"about":[{"href":"https:\/\/www.europesays.com\/pt\/wp-json\/wp\/v2\/types\/post"}],"author":[{"embeddable":true,"href":"https:\/\/www.europesays.com\/pt\/wp-json\/wp\/v2\/users\/2"}],"replies":[{"embeddable":true,"href":"https:\/\/www.europesays.com\/pt\/wp-json\/wp\/v2\/comments?post=228004"}],"version-history":[{"count":0,"href":"https:\/\/www.europesays.com\/pt\/wp-json\/wp\/v2\/posts\/228004\/revisions"}],"wp:featuredmedia":[{"embeddable":true,"href":"https:\/\/www.europesays.com\/pt\/wp-json\/wp\/v2\/media\/228005"}],"wp:attachment":[{"href":"https:\/\/www.europesays.com\/pt\/wp-json\/wp\/v2\/media?parent=228004"}],"wp:term":[{"taxonomy":"category","embeddable":true,"href":"https:\/\/www.europesays.com\/pt\/wp-json\/wp\/v2\/categories?post=228004"},{"taxonomy":"post_tag","embeddable":true,"href":"https:\/\/www.europesays.com\/pt\/wp-json\/wp\/v2\/tags?post=228004"}],"curies":[{"name":"wp","href":"https:\/\/api.w.org\/{rel}","templated":true}]}}