{"id":228020,"date":"2026-01-14T09:37:12","date_gmt":"2026-01-14T09:37:12","guid":{"rendered":"https:\/\/www.europesays.com\/pt\/228020\/"},"modified":"2026-01-14T09:37:12","modified_gmt":"2026-01-14T09:37:12","slug":"governo-vai-abrir-novo-concurso-de-apoio-a-compra-de-veiculos-eletricos-ate-marco","status":"publish","type":"post","link":"https:\/\/www.europesays.com\/pt\/228020\/","title":{"rendered":"Governo vai abrir novo concurso de apoio \u00e0 compra de ve\u00edculos el\u00e9tricos at\u00e9 mar\u00e7o"},"content":{"rendered":"<p>O Governo vai lan\u00e7ar um novo concurso de apoio \u00e0 compra de ve\u00edculos sem emiss\u00f5es at\u00e9 mar\u00e7o, mantendo as mesmas regras do anterior, com uma dota\u00e7\u00e3o total de 20 milh\u00f5es de euros. <\/p>\n<p>A informa\u00e7\u00e3o foi adiantada \u00e0 Ag\u00eancia Lusa pela ministra do Ambiente e Energia, Maria da Gra\u00e7a Carvalho, que n\u00e3o avan\u00e7ou uma data concreta para a publica\u00e7\u00e3o ou abertura do aviso. <\/p>\n<p>De recordar que, em dezembro passado, a verba destinada aos apoios \u00e0 compra de autom\u00f3veis el\u00e9tricos para particulares esgotou poucas horas depois da abertura das candidaturas. <\/p>\n<p><strong>Que apoios estar\u00e3o dispon\u00edveis?<\/strong><\/p>\n<p style=\"text-align: left;\">O Fundo Ambiental vai disponibilizar apoios para compra de carros el\u00e9tricos novos, bicicletas de carga, el\u00e9tricas e convencionais, al\u00e9m de motociclos, triciclos e quadriciclos. H\u00e1 ainda a possibilidade de pedir apoios para compra de carregadores de ve\u00edculos el\u00e9tricos em condom\u00ednios.<\/p>\n<p style=\"text-align: left;\">Quanto aos autom\u00f3veis ligeiros de passageiros, o incentivo \u00e9 no m\u00e1ximo de quatro mil euros para particulares e de cinco mil euros para IPSS, autoridades de transportes e autarquias.<\/p>\n<p style=\"text-align: left;\">Em qualquer um do casos, o carro deve ser novo, 100% el\u00e9trico e o valor de aquisi\u00e7\u00e3o n\u00e3o pode ultrapassar os 38 500 euros ou os 55 mil euros no caso de ve\u00edculos com mais de cinco lugares.<\/p>\n<p style=\"text-align: left;\">Para as bicicletas de carga e bicicletas el\u00e9tricas e convencionais, os apoios v\u00e3o dos 500 euros aos 1500 euros e, no caso de ve\u00edculos como motociclos, triciclos, quadriciclos e outros dispositivos de mobilidade pessoal el\u00e9tricos, os apoios v\u00e3o at\u00e9 aos 1500 euros.<\/p>\n<p style=\"text-align: left;\">No que diz respeito aos apoios para a compra de carregadores para ve\u00edculos el\u00e9tricos em condom\u00ednios, o incentivo \u00e9 de at\u00e9 80% do valor de aquisi\u00e7\u00e3o do carregador e at\u00e9 um m\u00e1ximo de 800 euros por lugar de estacionamento.<\/p>\n<p style=\"text-align: left;\">\u00c9 ainda poss\u00edvel receber um apoio para os custos com a instala\u00e7\u00e3o el\u00e9trica, que pode ir at\u00e9 80% do valor da mesma, num valor m\u00e1ximo de mil euros por cada lugar de estacionamento. Este incentivo est\u00e1 limitado a um carregador por cond\u00f3mino, at\u00e9 ao limite de 10 por condom\u00ednio. <\/p>\n<p><strong>Como funcionam as candidaturas?<\/strong><\/p>\n<p style=\"text-align: left;\">As candidaturas dever\u00e3o ser feitas atrav\u00e9s dos formul\u00e1rios que ser\u00e3o disponibilizados no site do Fundo Ambiental. Para j\u00e1, o que se sabe \u00e9 que o novo programa dever\u00e1 abrir at\u00e9 mar\u00e7o, mas ainda sem data concreta, pelo que o dia em que abrem as candidaturas s\u00f3 se saber\u00e1 depois de publicado o novo aviso.<\/p>\n<p style=\"text-align: left;\">Os incentivos abrangem todo o pa\u00eds e podem ser pedidos por pessoa coletiva ou singular, de acordo com o tipo de equipamento. Os apoios est\u00e3o sujeitos a um m\u00e1ximo de quatro candidaturas por pessoa coletiva e de uma por particulares.<\/p>\n<p style=\"text-align: left;\">Al\u00e9m do preenchimento do formul\u00e1rio, os candidatos devem submeter o comprovativo de abate de um ve\u00edculo a combust\u00edvel f\u00f3ssil com mais de 10 anos, indicar o seu N\u00famero de Identifica\u00e7\u00e3o Fiscal (NIF) e o IBAN de uma conta em nome do benefici\u00e1rio. Dever\u00e3o ainda apresentar comprovativo de compra do ve\u00edculo novo em nome do candidato.<\/p>\n<p style=\"text-align: left;\">Quanto \u00e0s candidaturas para apoio \u00e0 aquisi\u00e7\u00e3o de pontos de carregamento de ve\u00edculos el\u00e9tricos, ser\u00e1 necess\u00e1rio apresentar fatura de compra do carregador e respetivo comprovativo de pagamento, tamb\u00e9m com data posterior a 1 de janeiro deste ano.<\/p>\n<p style=\"text-align: left;\">Tamb\u00e9m \u00e9 requerida apresenta\u00e7\u00e3o da fatura de instala\u00e7\u00e3o, emitida por t\u00e9cnico certificado, bem como o comprovativo de pagamento. Desses documentos devem constar o local da instala\u00e7\u00e3o e o n\u00famero de certificado do t\u00e9cnico respons\u00e1vel.<\/p>\n","protected":false},"excerpt":{"rendered":"O Governo vai lan\u00e7ar um novo concurso de apoio \u00e0 compra de ve\u00edculos sem emiss\u00f5es at\u00e9 mar\u00e7o, mantendo&hellip;\n","protected":false},"author":2,"featured_media":228021,"comment_status":"","ping_status":"","sticky":false,"template":"","format":"standard","meta":{"footnotes":""},"categories":[83],"tags":[88,89,90,32,33],"class_list":{"0":"post-228020","1":"post","2":"type-post","3":"status-publish","4":"format-standard","5":"has-post-thumbnail","7":"category-empresas","8":"tag-business","9":"tag-economy","10":"tag-empresas","11":"tag-portugal","12":"tag-pt"},"share_on_mastodon":{"url":"https:\/\/pubeurope.com\/@pt\/115892783876625528","error":""},"_links":{"self":[{"href":"https:\/\/www.europesays.com\/pt\/wp-json\/wp\/v2\/posts\/228020","targetHints":{"allow":["GET"]}}],"collection":[{"href":"https:\/\/www.europesays.com\/pt\/wp-json\/wp\/v2\/posts"}],"about":[{"href":"https:\/\/www.europesays.com\/pt\/wp-json\/wp\/v2\/types\/post"}],"author":[{"embeddable":true,"href":"https:\/\/www.europesays.com\/pt\/wp-json\/wp\/v2\/users\/2"}],"replies":[{"embeddable":true,"href":"https:\/\/www.europesays.com\/pt\/wp-json\/wp\/v2\/comments?post=228020"}],"version-history":[{"count":0,"href":"https:\/\/www.europesays.com\/pt\/wp-json\/wp\/v2\/posts\/228020\/revisions"}],"wp:featuredmedia":[{"embeddable":true,"href":"https:\/\/www.europesays.com\/pt\/wp-json\/wp\/v2\/media\/228021"}],"wp:attachment":[{"href":"https:\/\/www.europesays.com\/pt\/wp-json\/wp\/v2\/media?parent=228020"}],"wp:term":[{"taxonomy":"category","embeddable":true,"href":"https:\/\/www.europesays.com\/pt\/wp-json\/wp\/v2\/categories?post=228020"},{"taxonomy":"post_tag","embeddable":true,"href":"https:\/\/www.europesays.com\/pt\/wp-json\/wp\/v2\/tags?post=228020"}],"curies":[{"name":"wp","href":"https:\/\/api.w.org\/{rel}","templated":true}]}}