{"id":228026,"date":"2026-01-14T09:41:24","date_gmt":"2026-01-14T09:41:24","guid":{"rendered":"https:\/\/www.europesays.com\/pt\/228026\/"},"modified":"2026-01-14T09:41:24","modified_gmt":"2026-01-14T09:41:24","slug":"estrela-de-avatar-se-torna-a-atriz-de-maior-bilheteria-da-historia","status":"publish","type":"post","link":"https:\/\/www.europesays.com\/pt\/228026\/","title":{"rendered":"Estrela de &#8220;Avatar&#8221; se torna a atriz de maior bilheteria da hist\u00f3ria"},"content":{"rendered":"<p class=\"my-5 break-words group-[.isActiveSource]:text-xl\">A atriz<strong class=\"group-[.isActiveSource]:text-xl group-[.isActiveSource]:font-bold\"> Zoe Salda\u00f1a<\/strong>, 47, vencedora do Oscar por &#8220;Em\u00edlia Perez&#8221;, \u00e9 a atriz com a <strong class=\"group-[.isActiveSource]:text-xl group-[.isActiveSource]:font-bold\">maior bilheteria de toda a hist\u00f3ria do cinema<\/strong>, por seu trabalho em<strong class=\"group-[.isActiveSource]:text-xl group-[.isActiveSource]:font-bold\"> &#8220;Avatar: Fogo e Cinzas&#8221;<\/strong>.<\/p>\n<p class=\"my-5 break-words group-[.isActiveSource]:text-xl\">Ela \u00e9 a estrela das tr\u00eas filmes que est\u00e3o no Top 3 maiores arrecada\u00e7\u00f5es no cinema de todos os tempos, com <strong class=\"group-[.isActiveSource]:text-xl group-[.isActiveSource]:font-bold\"><a href=\"https:\/\/www.cnnbrasil.com.br\/entretenimento\/avatar-fogo-e-cinzas-e-o-mais-intimo-da-franquia-diz-sigourney-weaver\/\" target=\"_blank\" rel=\"noopener noreferrer nofollow\" class=\"text-red-600 underline hover:text-red-500 font-medium break-words group-[.isActiveSource]:text-xl\">&#8220;Avatar&#8221; de 2009 em 1\u00ba lugar,<\/a> &#8220;Vingadores: Ultimato&#8221; em 2\u00ba e &#8220;Avatar: O Caminho da \u00c1gua&#8221; em terceiro<\/strong>. Zoe se tornou a atriz de maior bilheteria na hist\u00f3ria, passando Scarlett Johansson e Samuel L. Jackson, ap\u00f3s <a href=\"https:\/\/www.cnnbrasil.com.br\/entretenimento\/avatar-fogo-e-cinzas-ultrapassa-us-1-bilhao-em-bilheteria\/\" target=\"_blank\" rel=\"noopener noreferrer nofollow\" class=\"text-red-600 underline hover:text-red-500 font-medium break-words group-[.isActiveSource]:text-xl\">&#8220;Avatar: Fogo e Cinzas&#8221; angariar US$ 1,23 bilh\u00e3o<\/a> at\u00e9 o momento &#8211; lembrando que a produ\u00e7\u00e3o estreou em dezembro de 2025.<\/p>\n<p class=\"my-5 break-words group-[.isActiveSource]:text-xl\">Segundo o site Numbers, os longas que contam com Zoe nos cr\u00e9ditos acumulam cerca de <strong class=\"group-[.isActiveSource]:text-xl group-[.isActiveSource]:font-bold\">US$ 15,47 bilh\u00f5es<\/strong> (aproximadamente R$ 83,12 bilh\u00f5es). Ela \u00e9 a primeira atriz a estar em quatro filmes com arrecada\u00e7\u00e3o maior que dois bilh\u00f5es de d\u00f3lares, o que inclui ao ranking &#8220;Vingadores: Guerra Infinita&#8221;. Entre os filmes bilion\u00e1rios da atriz tamb\u00e9m est\u00e3o a somat\u00f3ria da trilogia &#8220;Guardi\u00f5es da Gal\u00e1xia&#8221; e &#8220;Star Trek&#8221;.<\/p>\n<p class=\"my-5 break-words group-[.isActiveSource]:text-xl\"><a href=\"https:\/\/www.cnnbrasil.com.br\/entretenimento\/aos-76-sigourney-weaver-explica-a-cnn-construcao-de-personagem-de-14-anos\/\" target=\"_blank\" rel=\"noopener noreferrer nofollow\" class=\"text-red-600 underline hover:text-red-500 font-medium break-words group-[.isActiveSource]:text-xl\"><strong class=\"group-[.isActiveSource]:text-xl group-[.isActiveSource]:font-bold\">Aos 76, Sigourney Weaver explica \u00e0 CNN constru\u00e7\u00e3o de personagem de 14 anos<\/strong><\/a><\/p>\n<p class=\"my-5 break-words group-[.isActiveSource]:text-xl\">Em 2025, Zoe foi a vencedora do Oscar de Melhor Atriz Coadjuvante por &#8220;Emilia P\u00e9rez&#8221;, produ\u00e7\u00e3o que tamb\u00e9m lhe rendeu pr\u00eamios do Sag Awards, Bafta, Globo de Ouro, Festival e Cannes e Critics Choice Awards. Ao ser agraciada pela Academia, ela se tornou a primeira dominicana-americana a ganhar uma estatueta.<\/p>\n<p class=\"my-5 break-words group-[.isActiveSource]:text-xl\">\u00c9 previsto que <a href=\"https:\/\/www.cnnbrasil.com.br\/entretenimento\/avatar-volta-aos-cinemas-e-agora-mira-tambem-a-sala-da-sua-casa\/\" target=\"_blank\" rel=\"noopener noreferrer nofollow\" class=\"text-red-600 underline hover:text-red-500 font-medium break-words group-[.isActiveSource]:text-xl\">ela reprise seu papel<\/a> da guerreira Na&#8217;vi Neytiri em &#8220;Avatar 4&#8221; previsto para 2029 e em &#8220;Avatar 5&#8221;, planejado para dezembro de 2031.<\/p>\n","protected":false},"excerpt":{"rendered":"A atriz Zoe Salda\u00f1a, 47, vencedora do Oscar por &#8220;Em\u00edlia Perez&#8221;, \u00e9 a atriz com a maior bilheteria&hellip;\n","protected":false},"author":2,"featured_media":228027,"comment_status":"","ping_status":"","sticky":false,"template":"","format":"standard","meta":{"footnotes":""},"categories":[145],"tags":[211,210,114,115,32,33],"class_list":{"0":"post-228026","1":"post","2":"type-post","3":"status-publish","4":"format-standard","5":"has-post-thumbnail","7":"category-celebridades","8":"tag-celebridades","9":"tag-celebrities","10":"tag-entertainment","11":"tag-entretenimento","12":"tag-portugal","13":"tag-pt"},"share_on_mastodon":{"url":"https:\/\/pubeurope.com\/@pt\/115892799551528797","error":""},"_links":{"self":[{"href":"https:\/\/www.europesays.com\/pt\/wp-json\/wp\/v2\/posts\/228026","targetHints":{"allow":["GET"]}}],"collection":[{"href":"https:\/\/www.europesays.com\/pt\/wp-json\/wp\/v2\/posts"}],"about":[{"href":"https:\/\/www.europesays.com\/pt\/wp-json\/wp\/v2\/types\/post"}],"author":[{"embeddable":true,"href":"https:\/\/www.europesays.com\/pt\/wp-json\/wp\/v2\/users\/2"}],"replies":[{"embeddable":true,"href":"https:\/\/www.europesays.com\/pt\/wp-json\/wp\/v2\/comments?post=228026"}],"version-history":[{"count":0,"href":"https:\/\/www.europesays.com\/pt\/wp-json\/wp\/v2\/posts\/228026\/revisions"}],"wp:featuredmedia":[{"embeddable":true,"href":"https:\/\/www.europesays.com\/pt\/wp-json\/wp\/v2\/media\/228027"}],"wp:attachment":[{"href":"https:\/\/www.europesays.com\/pt\/wp-json\/wp\/v2\/media?parent=228026"}],"wp:term":[{"taxonomy":"category","embeddable":true,"href":"https:\/\/www.europesays.com\/pt\/wp-json\/wp\/v2\/categories?post=228026"},{"taxonomy":"post_tag","embeddable":true,"href":"https:\/\/www.europesays.com\/pt\/wp-json\/wp\/v2\/tags?post=228026"}],"curies":[{"name":"wp","href":"https:\/\/api.w.org\/{rel}","templated":true}]}}