{"id":228066,"date":"2026-01-14T10:09:11","date_gmt":"2026-01-14T10:09:11","guid":{"rendered":"https:\/\/www.europesays.com\/pt\/228066\/"},"modified":"2026-01-14T10:09:11","modified_gmt":"2026-01-14T10:09:11","slug":"mais-uma-viagem-de-pesadelo-para-o-sporting-em-nova-jornada-europeia","status":"publish","type":"post","link":"https:\/\/www.europesays.com\/pt\/228066\/","title":{"rendered":"Mais uma viagem de pesadelo para o Sporting em nova jornada europeia"},"content":{"rendered":"<p style=\"text-align: justify;\">Depois do susto vivido em dezembro, antes da primeira ronda do Grupo M, da 2.\u00aa fase da Ta\u00e7a Europa, a equipa de basquetebol do Sporting voltou a ter uma nova viagem para esquecer, desta vez com a Eslov\u00e1quia como destino final.<\/p>\n<p style=\"text-align: justify;\">Os le\u00f5es deixaram o Pavilh\u00e3o Jo\u00e3o Rocha na madrugada de ter\u00e7a-feira, \u00e0s 4h45, rumo ao Aeroporto Humberto Delgado, para apanharem o voo com destino a Viena, agendado para as 7h05.<\/p>\n<p style=\"text-align: justify;\">O primeiro contratempo surgiu quando a comitiva j\u00e1 se encontrava dentro do avi\u00e3o e foi informada que o voo tinha sido cancelado, devido \u00e0 exist\u00eancia de gelo na capital austr\u00edaca. Come\u00e7avam a\u00ed as dores de cabe\u00e7a do conjunto de Alvalade.<\/p>\n<p style=\"text-align: justify;\">Depois de espera para resolver a situa\u00e7\u00e3o, foi encontrada solu\u00e7\u00e3o: a viagem para Viena seria feita atrav\u00e9s de Barcelona. A equipa seguiu \u00e0s 12h30 para a cidade espanhola, onde chegou com atraso face ao inicialmente previsto, \u00e0s 15h30, e ao in\u00edcio da noite voo para a \u00c1ustria&#8230; com novo atraso.<\/p>\n<p style=\"text-align: justify;\">Embora o voo estivesse previsto para as 20h30, s\u00f3 uma hora depois a comitiva levantou voo de solo espanhol, acabando por aterrar no destino a 20 minutos da meia-noite. O resto da viagem, com vista ao destino final, a Eslov\u00e1quia, seria de autocarro: sa\u00edda perto da meia-noite e meia e chegada perto das 4 horas da manh\u00e3.<\/p>\n<p style=\"text-align: justify;\">Com os contratempos registados na viagem, os le\u00f5es falharam o \u00faltimo treino de prepara\u00e7\u00e3o, que estava previsto para ter\u00e7a-feira, j\u00e1 na Eslov\u00e1quia, e ser\u00e1 com poucas horas de descanso que v\u00e3o a jogo esta quarta-feira, a partir das 18 horas, contra o BC Prievidza, para a 3.\u00aa jornada da 2.\u00aa ronda da Ta\u00e7a Europa.<\/p>\n","protected":false},"excerpt":{"rendered":"Depois do susto vivido em dezembro, antes da primeira ronda do Grupo M, da 2.\u00aa fase da Ta\u00e7a&hellip;\n","protected":false},"author":2,"featured_media":228067,"comment_status":"","ping_status":"","sticky":false,"template":"","format":"standard","meta":{"footnotes":""},"categories":[8],"tags":[27,28,15,16,14,25,26,21,22,12,13,19,20,32,23,24,33,17,18,29,30,31],"class_list":{"0":"post-228066","1":"post","2":"type-post","3":"status-publish","4":"format-standard","5":"has-post-thumbnail","7":"category-principais-noticias","8":"tag-breaking-news","9":"tag-breakingnews","10":"tag-featured-news","11":"tag-featurednews","12":"tag-headlines","13":"tag-latest-news","14":"tag-latestnews","15":"tag-main-news","16":"tag-mainnews","17":"tag-news","18":"tag-noticias","19":"tag-noticias-principais","20":"tag-noticiasprincipais","21":"tag-portugal","22":"tag-principais-noticias","23":"tag-principaisnoticias","24":"tag-pt","25":"tag-top-stories","26":"tag-topstories","27":"tag-ultimas","28":"tag-ultimas-noticias","29":"tag-ultimasnoticias"},"share_on_mastodon":{"url":"https:\/\/pubeurope.com\/@pt\/115892909820114883","error":""},"_links":{"self":[{"href":"https:\/\/www.europesays.com\/pt\/wp-json\/wp\/v2\/posts\/228066","targetHints":{"allow":["GET"]}}],"collection":[{"href":"https:\/\/www.europesays.com\/pt\/wp-json\/wp\/v2\/posts"}],"about":[{"href":"https:\/\/www.europesays.com\/pt\/wp-json\/wp\/v2\/types\/post"}],"author":[{"embeddable":true,"href":"https:\/\/www.europesays.com\/pt\/wp-json\/wp\/v2\/users\/2"}],"replies":[{"embeddable":true,"href":"https:\/\/www.europesays.com\/pt\/wp-json\/wp\/v2\/comments?post=228066"}],"version-history":[{"count":0,"href":"https:\/\/www.europesays.com\/pt\/wp-json\/wp\/v2\/posts\/228066\/revisions"}],"wp:featuredmedia":[{"embeddable":true,"href":"https:\/\/www.europesays.com\/pt\/wp-json\/wp\/v2\/media\/228067"}],"wp:attachment":[{"href":"https:\/\/www.europesays.com\/pt\/wp-json\/wp\/v2\/media?parent=228066"}],"wp:term":[{"taxonomy":"category","embeddable":true,"href":"https:\/\/www.europesays.com\/pt\/wp-json\/wp\/v2\/categories?post=228066"},{"taxonomy":"post_tag","embeddable":true,"href":"https:\/\/www.europesays.com\/pt\/wp-json\/wp\/v2\/tags?post=228066"}],"curies":[{"name":"wp","href":"https:\/\/api.w.org\/{rel}","templated":true}]}}