{"id":228105,"date":"2026-01-14T10:39:29","date_gmt":"2026-01-14T10:39:29","guid":{"rendered":"https:\/\/www.europesays.com\/pt\/228105\/"},"modified":"2026-01-14T10:39:29","modified_gmt":"2026-01-14T10:39:29","slug":"bbb-26-cantora-internacional-se-surpreende-com-semelhanca-a-participante","status":"publish","type":"post","link":"https:\/\/www.europesays.com\/pt\/228105\/","title":{"rendered":"BBB 26: cantora internacional se surpreende com semelhan\u00e7a a participante"},"content":{"rendered":"<p class=\"my-5 break-words group-[.isActiveSource]:text-xl\">A cantora canadense <strong class=\"group-[.isActiveSource]:text-xl group-[.isActiveSource]:font-bold\">Alessia Cara<\/strong>, 29, usou as redes sociais nesta ter\u00e7a-feira (13) para mostrar surpresa em rela\u00e7\u00e3o a\u00a0participante da din\u00e2mica do <strong class=\"group-[.isActiveSource]:text-xl group-[.isActiveSource]:font-bold\">Quarto Branco<\/strong> do <strong class=\"group-[.isActiveSource]:text-xl group-[.isActiveSource]:font-bold\">BBB 26, Gabriela Saporito.<\/strong><\/p>\n<p class=\"my-5 break-words group-[.isActiveSource]:text-xl\">No X (antigo Twitter), Alessia Cara compartilhou uma publica\u00e7\u00e3o que brincava que a canadense estava no BBB 26. &#8220;Garota, o que voc\u00ea est\u00e1 fazendo no Big Brother Brasil&#8221;, escreveu o perfil.<\/p>\n<p class=\"my-5 break-words group-[.isActiveSource]:text-xl\">A cantora, ent\u00e3o, comentou: &#8220;Ol\u00e1, por que ela sou eu&#8221;.<\/p>\n<p class=\"my-5 break-words group-[.isActiveSource]:text-xl\">Natural de S\u00e3o Paulo capital, Gabriela Saporito tem 21 anos e \u00e9 estudante de psicologia e vendedora ambulante. Ela luta por uma vaga no BBB 26 atrav\u00e9s da <a href=\"https:\/\/www.cnnbrasil.com.br\/entretenimento\/bbb\/bbb-26-parcial-da-enquete-mostra-preferidos-do-publico-no-quarto-branco\/\" target=\"_blank\" rel=\"noopener noreferrer nofollow\" class=\"text-red-600 underline hover:text-red-500 font-medium break-words group-[.isActiveSource]:text-xl\">din\u00e2mica do Quarto Branco<\/a>. Os dois \u00faltimos a desistirem de ficar no local entram na casa.<\/p>\n<blockquote class=\"twitter-tweet !mx-auto\">\n<p dir=\"ltr\" lang=\"en\" class=\"my-5 break-words group-[.isActiveSource]:text-xl\">hello why is she me <a href=\"https:\/\/t.co\/tJAOVjPPRv\" class=\"text-red-600 underline hover:text-red-500 font-medium break-words group-[.isActiveSource]:text-xl\" target=\"_blank\" rel=\"noopener noreferrer nofollow\">https:\/\/t.co\/tJAOVjPPRv<\/a><\/p>\n<p class=\"my-5 break-words group-[.isActiveSource]:text-xl\">\u2014 ac (@alessiacara) <a href=\"https:\/\/twitter.com\/alessiacara\/status\/2010929030619357572?ref_src=twsrc%5Etfw\" class=\"text-red-600 underline hover:text-red-500 font-medium break-words group-[.isActiveSource]:text-xl\" target=\"_blank\" rel=\"noopener noreferrer nofollow\">January 13, 2026<\/a><\/p>\n<\/blockquote>\n<p><script async src=\"https:\/\/platform.twitter.com\/widgets.js\" charset=\"utf-8\"><\/script><\/p>\n","protected":false},"excerpt":{"rendered":"A cantora canadense Alessia Cara, 29, usou as redes sociais nesta ter\u00e7a-feira (13) para mostrar surpresa em rela\u00e7\u00e3o&hellip;\n","protected":false},"author":2,"featured_media":228106,"comment_status":"","ping_status":"","sticky":false,"template":"","format":"standard","meta":{"footnotes":""},"categories":[145],"tags":[211,210,114,115,32,33],"class_list":{"0":"post-228105","1":"post","2":"type-post","3":"status-publish","4":"format-standard","5":"has-post-thumbnail","7":"category-celebridades","8":"tag-celebridades","9":"tag-celebrities","10":"tag-entertainment","11":"tag-entretenimento","12":"tag-portugal","13":"tag-pt"},"share_on_mastodon":{"url":"https:\/\/pubeurope.com\/@pt\/115893027674601212","error":""},"_links":{"self":[{"href":"https:\/\/www.europesays.com\/pt\/wp-json\/wp\/v2\/posts\/228105","targetHints":{"allow":["GET"]}}],"collection":[{"href":"https:\/\/www.europesays.com\/pt\/wp-json\/wp\/v2\/posts"}],"about":[{"href":"https:\/\/www.europesays.com\/pt\/wp-json\/wp\/v2\/types\/post"}],"author":[{"embeddable":true,"href":"https:\/\/www.europesays.com\/pt\/wp-json\/wp\/v2\/users\/2"}],"replies":[{"embeddable":true,"href":"https:\/\/www.europesays.com\/pt\/wp-json\/wp\/v2\/comments?post=228105"}],"version-history":[{"count":0,"href":"https:\/\/www.europesays.com\/pt\/wp-json\/wp\/v2\/posts\/228105\/revisions"}],"wp:featuredmedia":[{"embeddable":true,"href":"https:\/\/www.europesays.com\/pt\/wp-json\/wp\/v2\/media\/228106"}],"wp:attachment":[{"href":"https:\/\/www.europesays.com\/pt\/wp-json\/wp\/v2\/media?parent=228105"}],"wp:term":[{"taxonomy":"category","embeddable":true,"href":"https:\/\/www.europesays.com\/pt\/wp-json\/wp\/v2\/categories?post=228105"},{"taxonomy":"post_tag","embeddable":true,"href":"https:\/\/www.europesays.com\/pt\/wp-json\/wp\/v2\/tags?post=228105"}],"curies":[{"name":"wp","href":"https:\/\/api.w.org\/{rel}","templated":true}]}}