{"id":22811,"date":"2025-08-09T20:57:21","date_gmt":"2025-08-09T20:57:21","guid":{"rendered":"https:\/\/www.europesays.com\/pt\/22811\/"},"modified":"2025-08-09T20:57:21","modified_gmt":"2025-08-09T20:57:21","slug":"bombeiro-tera-ateado-quatro-fogos-por-dinheiro-este-verao","status":"publish","type":"post","link":"https:\/\/www.europesays.com\/pt\/22811\/","title":{"rendered":"Bombeiro ter\u00e1 ateado quatro fogos, por dinheiro, este ver\u00e3o"},"content":{"rendered":"<p class=\"wp-caption-text top\">Jos\u00e9 Coelho \/ LUSA<\/p>\n<p><img decoding=\"async\" loading=\"lazy\" class=\"wp-image-628187 size-kopa-image-size-3\" src=\"https:\/\/www.europesays.com\/pt\/wp-content\/uploads\/2025\/08\/3fd2ffa109b6f6f0361986b407f12aa8-783x450.jpg\" alt=\"\" width=\"700\" height=\"402\"  \/><\/p>\n<p><strong>Suspeito de 31 anos foi detido esta quinta-feira por inc\u00eandios ocorridos em junho e julho. Ter\u00e1 ateado o fogo com a utiliza\u00e7\u00e3o de artefactos retardadores.<\/strong><\/p>\n<p>Um bombeiro da corpora\u00e7\u00e3o dos Bombeiros Volunt\u00e1rios de <strong>Our\u00e9m<\/strong> foi detido pela Pol\u00edcia Judici\u00e1ria (PJ) suspeito de ser o autor de, pelo menos,<strong> quatro inc\u00eandios<\/strong> florestais neste concelho, nos meses de Junho e Julho, foi anunciado esta quinta-feira.<\/p>\n<p>No <a href=\"https:\/\/www.policiajudiciaria.pt\/pj-detem-suspeito-de-quatro-incendios-em-ourem\/\" data-wpel-link=\"external\" target=\"_blank\" rel=\"nofollow external noopener noreferrer\" class=\"ext-link\">comunicado<\/a>, a PJ refere que, atrav\u00e9s do seu Departamento de Investiga\u00e7\u00e3o Criminal de Leiria, e com o apoio do Grupo de Trabalho Para a Redu\u00e7\u00e3o de Igni\u00e7\u00f5es da Regi\u00e3o Centro Litoral, deteve na quarta-feira o suspeito, de 31 anos.<\/p>\n<p>De acordo com a PJ, os inc\u00eandios florestais ocorreram em 26 de junho, e 1, 17 e 19 de julho.<\/p>\n<p>\u201cO suspeito (\u2026) [ter\u00e1 ateado] o fogo com a <strong>utiliza\u00e7\u00e3o de artefactos retardadores<\/strong>, numa zona com vasta mancha florestal, povoada com pinheiro-bravo, carvalhos, eucaliptos e mato, existindo na proximidade v\u00e1rios aglomerados habitacionais e complexos comerciais\u201d, explica o comunicado.<\/p>\n<p>A PJ adianta que<strong> \u201ca \u00e1rea ardida foi consider\u00e1vel\u201d<\/strong>, assinalando ainda que, \u201cn\u00e3o fosse a r\u00e1pida e eficaz interven\u00e7\u00e3o dos bombeiros locais, os inc\u00eandios poderiam ter tido propor\u00e7\u00f5es mais gravosas\u201d.<\/p>\n<p>A investiga\u00e7\u00e3o suspeita que o mesmo bombeiro seja o autor de outros inc\u00eandios florestais naquele mesmo concelho do distrito de Santar\u00e9m, atendendo ao padr\u00e3o espacio-temporal e modo de atua\u00e7\u00e3o.<\/p>\n<p>O arguido, residente na zona de Our\u00e9m, <strong>n\u00e3o tem antecedentes criminais<\/strong> e vai ser presente \u00e0 autoridade judici\u00e1ria competente, para eventual aplica\u00e7\u00e3o de outras medidas de coa\u00e7\u00e3o.<\/p>\n<p>\u00c0 ag\u00eancia Lusa, fonte da Diretoria do Centro da PJ, sediada em Coimbra, afirmou que a investiga\u00e7\u00e3o acredita que o arguido produziria os pr\u00f3prios artefactos utilizados, atendendo aos objetos apreendidos no decurso das buscas.<\/p>\n<p>Segundo a mesma fonte, a investiga\u00e7\u00e3o admite que<strong> a a\u00e7\u00e3o do suspeito ter-se-\u00e1 devido a benef\u00edcios pecuni\u00e1rios que poderia ter ao ser ativado para combater os inc\u00eandios.<\/strong><\/p>\n<p>A deten\u00e7\u00e3o teve o apoio do Grupo de Trabalho Para a Redu\u00e7\u00e3o de Igni\u00e7\u00f5es da Regi\u00e3o Centro Litoral, que inclui PJ, Guarda Nacional Republicana e Instituto da Conserva\u00e7\u00e3o da Natureza e das Florestas.<\/p>\n<p>O comandante dos Bombeiros Volunt\u00e1rios de Our\u00e9m, Guilherme Isidro, explicou que \u201ca PJ, no seguimento da investiga\u00e7\u00e3o, fez dilig\u00eancias junto de um bombeiro desta corpora\u00e7\u00e3o e aqui na corpora\u00e7\u00e3o, no que diz respeita aos pertences pessoais do bombeiro, que acabou detido\u201d.<\/p>\n<p>\u201cA corpora\u00e7\u00e3o estar\u00e1 sempre dispon\u00edvel para colaborar com as autoridades naquele que \u00e9 o seu trabalho de investiga\u00e7\u00e3o e aguarda com serenidade o cabal esclarecimento da situa\u00e7\u00e3o\u201d, declarou Guilherme Isidro.<\/p>\n<p>Este respons\u00e1vel esclareceu que o bombeiro detido \u00e9 volunt\u00e1rio na corpora\u00e7\u00e3o h\u00e1 seis anos e funcion\u00e1rio da Associa\u00e7\u00e3o Humanit\u00e1ria dos Bombeiros Volunt\u00e1rios de Our\u00e9m.<\/p>\n<p>\u201cNeste per\u00edodo, foi sempre um elemento cumpridor das suas obriga\u00e7\u00f5es\u201d, garantiu o comandante. Segundo a GNR, at\u00e9 ao dia 31 de julho,<strong> foram detidas 36 pessoas em flagrante delito e identificadas 525 pessoas pela pr\u00e1tica do crime de inc\u00eandio rural,<\/strong> tendo ainda, neste per\u00edodo, sido registados 2 979 crimes de inc\u00eandio.<\/p>\n<p>Um quarto dos inc\u00eandios rurais investigados este ano tiveram como origem o fogo posto e a \u00e1rea ardida at\u00e9 julho regista o <strong>terceiro valor mais elevado desde 2015<\/strong>, segundo o Instituto da Conserva\u00e7\u00e3o da Natureza e das Florestas (ICNF).<\/p>\n<p>    <a href=\"https:\/\/zap.aeiou.pt\/subscrever-newsletter\" data-wpel-link=\"internal\" rel=\"nofollow noopener\" target=\"_blank\">&#13;<br \/>\n        <img loading=\"lazy\" decoding=\"async\" class=\"aligncenter size-full wp-image-575475\" src=\"https:\/\/www.europesays.com\/pt\/wp-content\/uploads\/2025\/08\/1754655132_743_2d51fe4a0ba54894421ead1809309ed9-1-450x140.jpg\" alt=\"Subscreva a Newsletter ZAP\" width=\"450\" height=\"140\"\/>&#13;<br \/>\n    <\/a><\/p>\n<p>                <a href=\"https:\/\/whatsapp.com\/channel\/0029VaIC4EE2f3EJZPPSbR34\" data-wpel-link=\"external\" target=\"_blank\" rel=\"nofollow external noopener noreferrer\" class=\"ext-link\">&#13;<br \/>\n                    <img loading=\"lazy\" decoding=\"async\" class=\"aligncenter size-full wp-image-575475\" src=\"https:\/\/www.europesays.com\/pt\/wp-content\/uploads\/2025\/08\/c68c559d956d4ca20f435ed74a6e71e6.png\" alt=\"Siga-nos no WhatsApp\" width=\"175\" height=\"64\"\/>&#13;<br \/>\n                <\/a><\/p>\n<p>                <a href=\"https:\/\/news.google.com\/publications\/CAAiEHRwZondIV71PDjWNoqMduEqFAgKIhB0cGaJ3SFe9Tw41jaKjHbh?hl=en-US&amp;gl=US&amp;ceid=US%3Aen\" data-wpel-link=\"external\" target=\"_blank\" rel=\"nofollow external noopener noreferrer\" class=\"ext-link\">&#13;<br \/>\n                    <img loading=\"lazy\" decoding=\"async\" class=\"aligncenter size-full wp-image-575475\" src=\"https:\/\/www.europesays.com\/pt\/wp-content\/uploads\/2025\/08\/5123dd8b087b644fdb8f8603acd1bad4.png\" alt=\"Siga-nos no Google News\" width=\"176\" height=\"64\"\/>&#13;<br \/>\n                <\/a><\/p>\n<p>\u00a0<\/p>\n","protected":false},"excerpt":{"rendered":"Jos\u00e9 Coelho \/ LUSA Suspeito de 31 anos foi detido esta quinta-feira por inc\u00eandios ocorridos em junho e&hellip;\n","protected":false},"author":2,"featured_media":22812,"comment_status":"","ping_status":"","sticky":false,"template":"","format":"standard","meta":{"footnotes":""},"categories":[10],"tags":[27,28,604,15,16,14,2830,603,25,26,21,22,12,13,19,20,4107,32,23,24,33,519,17,18,29,30,31],"class_list":{"0":"post-22811","1":"post","2":"type-post","3":"status-publish","4":"format-standard","5":"has-post-thumbnail","7":"category-portugal","8":"tag-breaking-news","9":"tag-breakingnews","10":"tag-crime","11":"tag-featured-news","12":"tag-featurednews","13":"tag-headlines","14":"tag-incendios","15":"tag-justica","16":"tag-latest-news","17":"tag-latestnews","18":"tag-main-news","19":"tag-mainnews","20":"tag-news","21":"tag-noticias","22":"tag-noticias-principais","23":"tag-noticiasprincipais","24":"tag-pj","25":"tag-portugal","26":"tag-principais-noticias","27":"tag-principaisnoticias","28":"tag-pt","29":"tag-santarem","30":"tag-top-stories","31":"tag-topstories","32":"tag-ultimas","33":"tag-ultimas-noticias","34":"tag-ultimasnoticias"},"share_on_mastodon":{"url":"","error":""},"_links":{"self":[{"href":"https:\/\/www.europesays.com\/pt\/wp-json\/wp\/v2\/posts\/22811","targetHints":{"allow":["GET"]}}],"collection":[{"href":"https:\/\/www.europesays.com\/pt\/wp-json\/wp\/v2\/posts"}],"about":[{"href":"https:\/\/www.europesays.com\/pt\/wp-json\/wp\/v2\/types\/post"}],"author":[{"embeddable":true,"href":"https:\/\/www.europesays.com\/pt\/wp-json\/wp\/v2\/users\/2"}],"replies":[{"embeddable":true,"href":"https:\/\/www.europesays.com\/pt\/wp-json\/wp\/v2\/comments?post=22811"}],"version-history":[{"count":0,"href":"https:\/\/www.europesays.com\/pt\/wp-json\/wp\/v2\/posts\/22811\/revisions"}],"wp:featuredmedia":[{"embeddable":true,"href":"https:\/\/www.europesays.com\/pt\/wp-json\/wp\/v2\/media\/22812"}],"wp:attachment":[{"href":"https:\/\/www.europesays.com\/pt\/wp-json\/wp\/v2\/media?parent=22811"}],"wp:term":[{"taxonomy":"category","embeddable":true,"href":"https:\/\/www.europesays.com\/pt\/wp-json\/wp\/v2\/categories?post=22811"},{"taxonomy":"post_tag","embeddable":true,"href":"https:\/\/www.europesays.com\/pt\/wp-json\/wp\/v2\/tags?post=22811"}],"curies":[{"name":"wp","href":"https:\/\/api.w.org\/{rel}","templated":true}]}}