{"id":228117,"date":"2026-01-14T10:52:18","date_gmt":"2026-01-14T10:52:18","guid":{"rendered":"https:\/\/www.europesays.com\/pt\/228117\/"},"modified":"2026-01-14T10:52:18","modified_gmt":"2026-01-14T10:52:18","slug":"inem-e-cruz-vermelha-de-coimbra-ninguem-sai-garante-ana-abrunhosa-noticias-de-coimbra","status":"publish","type":"post","link":"https:\/\/www.europesays.com\/pt\/228117\/","title":{"rendered":"INEM e Cruz Vermelha. \u201cDe Coimbra ningu\u00e9m sai\u201d, garante Ana Abrunhosa \u2013 Not\u00edcias de Coimbra"},"content":{"rendered":"<p><strong>Presidente da c\u00e2mara de Coimbra disse que o munic\u00edpio ir\u00e1 garantir \u201ccondi\u00e7\u00f5es para que continuem a ter estas institui\u00e7\u00f5es\u201d no concelho.<\/strong><\/p>\n<p>PUBLICIDADE<\/p>\n<p>\t\t\t\t\t\t<a class=\"publicidade-imagem d-flex justify-content-center\" href=\"https:\/\/www.recenseamento.pt\/?utm_source=noticiasdecoimbrapt&amp;utm_medium=display&amp;utm_content=mrec&amp;utm_campaign=presidenciais26_primeiravolta\" rel=\"nofollow noopener\" target=\"_blank\"><br \/>\n\t\t\t\t\t\t  <img loading=\"lazy\" width=\"300\" height=\"250\" decoding=\"async\" src=\"https:\/\/www.europesays.com\/pt\/wp-content\/uploads\/2026\/01\/MOP-6seg-300x250_1.gif\" alt=\"publicidade\" class=\"img-fluid\"\/><br \/>\n\t\t\t\t\t\t<\/a><\/p>\n<p>Ana Abrunhosa afirmou ter\u00e7a-feira, 13 de janeiro, que depois da melhoria das instala\u00e7\u00f5es do Comando Subregional de Emerg\u00eancia e Prote\u00e7\u00e3o Civil de Coimbra, urge resolver outras quest\u00f5es relacionadas com a Prote\u00e7\u00e3o Civil.<\/p>\n<p>A primeira medida diz respeito ao Centro de Meios A\u00e9reos de Coimbra, no Aer\u00f3dromo Bissaya Barreto, onde \u00e9 necess\u00e1rio \u201cfazer um investimento de qualifica\u00e7\u00e3o e de dignifica\u00e7\u00e3o das condi\u00e7\u00f5es de trabalho\u201d. <br \/>\u201cA C\u00e2mara Municipal est\u00e1 dispon\u00edvel para ser uma parceira nesses melhoramentos\u201d, frisou.<\/p>\n<p>Depois, o Centro Regional do Instituto Nacional de Emerg\u00eancia M\u00e9dica (INEM) com sede em Coimbra e que merece \u201cum espa\u00e7o adequado para os profissionais trabalharem, para terem os seus armaz\u00e9ns, para terem as suas viaturas\u201d.<\/p>\n<p>J\u00e1 em rela\u00e7\u00e3o \u00e0 Cruz Vermelha Portuguesa, cuja Coordena\u00e7\u00e3o Nacional de Emerg\u00eancia est\u00e1 sediada em Coimbra, \u00e9 necess\u00e1rio encontrar um espa\u00e7o que melhore as condi\u00e7\u00f5es de trabalho e de parqueamento das viaturas. \u201cN\u00f3s ficamos preocupados porque s\u00e3o profissionais sujeitos a um stress imenso, que trabalham 24 horas por dia, 7 horas por semana, em condi\u00e7\u00f5es que queremos melhoradas e queremos tamb\u00e9m com compet\u00eancias maiores\u201d, afirmou a autarca.<\/p>\n<p>A solu\u00e7\u00e3o, de acordo com a presidente da c\u00e2mara, poder\u00e1 passar pela ced\u00eancia de um terreno e\/ou espa\u00e7o municipal para ambas as entidades. O objetivo \u00e9 claro: \u201cde Coimbra ningu\u00e9m sai\u201d.<\/p>\n<p>Veja o Direto NDC com Ana Abrunhosa<\/p>\n<p>Veja o Direto NDC com o discurso de Ana Abrunhosa<\/p>\n","protected":false},"excerpt":{"rendered":"Presidente da c\u00e2mara de Coimbra disse que o munic\u00edpio ir\u00e1 garantir \u201ccondi\u00e7\u00f5es para que continuem a ter estas&hellip;\n","protected":false},"author":2,"featured_media":228118,"comment_status":"","ping_status":"","sticky":false,"template":"","format":"standard","meta":{"footnotes":""},"categories":[10],"tags":[27,28,15,16,14,25,26,21,22,12,13,19,20,32,23,24,33,17,18,29,30,31],"class_list":{"0":"post-228117","1":"post","2":"type-post","3":"status-publish","4":"format-standard","5":"has-post-thumbnail","7":"category-portugal","8":"tag-breaking-news","9":"tag-breakingnews","10":"tag-featured-news","11":"tag-featurednews","12":"tag-headlines","13":"tag-latest-news","14":"tag-latestnews","15":"tag-main-news","16":"tag-mainnews","17":"tag-news","18":"tag-noticias","19":"tag-noticias-principais","20":"tag-noticiasprincipais","21":"tag-portugal","22":"tag-principais-noticias","23":"tag-principaisnoticias","24":"tag-pt","25":"tag-top-stories","26":"tag-topstories","27":"tag-ultimas","28":"tag-ultimas-noticias","29":"tag-ultimasnoticias"},"share_on_mastodon":{"url":"https:\/\/pubeurope.com\/@pt\/115893078882725574","error":""},"_links":{"self":[{"href":"https:\/\/www.europesays.com\/pt\/wp-json\/wp\/v2\/posts\/228117","targetHints":{"allow":["GET"]}}],"collection":[{"href":"https:\/\/www.europesays.com\/pt\/wp-json\/wp\/v2\/posts"}],"about":[{"href":"https:\/\/www.europesays.com\/pt\/wp-json\/wp\/v2\/types\/post"}],"author":[{"embeddable":true,"href":"https:\/\/www.europesays.com\/pt\/wp-json\/wp\/v2\/users\/2"}],"replies":[{"embeddable":true,"href":"https:\/\/www.europesays.com\/pt\/wp-json\/wp\/v2\/comments?post=228117"}],"version-history":[{"count":0,"href":"https:\/\/www.europesays.com\/pt\/wp-json\/wp\/v2\/posts\/228117\/revisions"}],"wp:featuredmedia":[{"embeddable":true,"href":"https:\/\/www.europesays.com\/pt\/wp-json\/wp\/v2\/media\/228118"}],"wp:attachment":[{"href":"https:\/\/www.europesays.com\/pt\/wp-json\/wp\/v2\/media?parent=228117"}],"wp:term":[{"taxonomy":"category","embeddable":true,"href":"https:\/\/www.europesays.com\/pt\/wp-json\/wp\/v2\/categories?post=228117"},{"taxonomy":"post_tag","embeddable":true,"href":"https:\/\/www.europesays.com\/pt\/wp-json\/wp\/v2\/tags?post=228117"}],"curies":[{"name":"wp","href":"https:\/\/api.w.org\/{rel}","templated":true}]}}