{"id":228119,"date":"2026-01-14T10:53:08","date_gmt":"2026-01-14T10:53:08","guid":{"rendered":"https:\/\/www.europesays.com\/pt\/228119\/"},"modified":"2026-01-14T10:53:08","modified_gmt":"2026-01-14T10:53:08","slug":"recuperacao-relampago-barrenechea-entra-nas-opcoes-do-benfica-para-o-dragao-benfica","status":"publish","type":"post","link":"https:\/\/www.europesays.com\/pt\/228119\/","title":{"rendered":"Recupera\u00e7\u00e3o-rel\u00e2mpago: Barrenechea entra nas op\u00e7\u00f5es do Benfica para o Drag\u00e3o &#8211; Benfica"},"content":{"rendered":"<p>                    03:33<\/p>\n<p>M\u00e9dio foi a surpresa na chegada a Gaia e dever\u00e1 ser titular hoje ap\u00f3s ter estado lesionado <\/p>\n<p>    &#13;<br \/>\n            &#13;<br \/>\n                &#13;<br \/>\n                    &#13;<br \/>\n                &#13;<br \/>\n                &#13;<br \/>\n            &#13;<\/p>\n<p class=\"\">&#13;<br \/>\n        A comitiva do Benfica chegou a Vila Nova de Gaia com uma grande novidade nos convocados. Enzo Barrenechea conseguiu uma recupera\u00e7\u00e3o-rel\u00e2mpago e entra nas contas de Jos\u00e9 Mourinho para a partida frente ao FC Porto. Ao que <b>Record<\/b> apurou, o m\u00e9dio re\u00fane boas probabilidades de ser titular, ao lado de Richard R\u00edos.&#13;\n    <\/p>\n<p>                        Para ler TODOS OS ARTIGOS RECORD PREMIUM durante o dia 14.01.2026 insira o seu n\u00famero de telem\u00f3vel e clique em OK<\/p>\n<p>Consulte a aplica\u00e7\u00e3o MBway no seu telem\u00f3vel e aceite a transa\u00e7\u00e3o&#13;\n                    <\/p>\n<p>                        Os seus dados n\u00e3o ser\u00e3o guardados pelo Record<\/p>\n","protected":false},"excerpt":{"rendered":"03:33 M\u00e9dio foi a surpresa na chegada a Gaia e dever\u00e1 ser titular hoje ap\u00f3s ter estado lesionado&hellip;\n","protected":false},"author":2,"featured_media":228120,"comment_status":"","ping_status":"","sticky":false,"template":"","format":"standard","meta":{"footnotes":""},"categories":[8],"tags":[27,28,15,16,14,25,26,21,22,12,13,19,20,32,23,24,33,17,18,29,30,31],"class_list":{"0":"post-228119","1":"post","2":"type-post","3":"status-publish","4":"format-standard","5":"has-post-thumbnail","7":"category-principais-noticias","8":"tag-breaking-news","9":"tag-breakingnews","10":"tag-featured-news","11":"tag-featurednews","12":"tag-headlines","13":"tag-latest-news","14":"tag-latestnews","15":"tag-main-news","16":"tag-mainnews","17":"tag-news","18":"tag-noticias","19":"tag-noticias-principais","20":"tag-noticiasprincipais","21":"tag-portugal","22":"tag-principais-noticias","23":"tag-principaisnoticias","24":"tag-pt","25":"tag-top-stories","26":"tag-topstories","27":"tag-ultimas","28":"tag-ultimas-noticias","29":"tag-ultimasnoticias"},"share_on_mastodon":{"url":"https:\/\/pubeurope.com\/@pt\/115893082820730701","error":""},"_links":{"self":[{"href":"https:\/\/www.europesays.com\/pt\/wp-json\/wp\/v2\/posts\/228119","targetHints":{"allow":["GET"]}}],"collection":[{"href":"https:\/\/www.europesays.com\/pt\/wp-json\/wp\/v2\/posts"}],"about":[{"href":"https:\/\/www.europesays.com\/pt\/wp-json\/wp\/v2\/types\/post"}],"author":[{"embeddable":true,"href":"https:\/\/www.europesays.com\/pt\/wp-json\/wp\/v2\/users\/2"}],"replies":[{"embeddable":true,"href":"https:\/\/www.europesays.com\/pt\/wp-json\/wp\/v2\/comments?post=228119"}],"version-history":[{"count":0,"href":"https:\/\/www.europesays.com\/pt\/wp-json\/wp\/v2\/posts\/228119\/revisions"}],"wp:featuredmedia":[{"embeddable":true,"href":"https:\/\/www.europesays.com\/pt\/wp-json\/wp\/v2\/media\/228120"}],"wp:attachment":[{"href":"https:\/\/www.europesays.com\/pt\/wp-json\/wp\/v2\/media?parent=228119"}],"wp:term":[{"taxonomy":"category","embeddable":true,"href":"https:\/\/www.europesays.com\/pt\/wp-json\/wp\/v2\/categories?post=228119"},{"taxonomy":"post_tag","embeddable":true,"href":"https:\/\/www.europesays.com\/pt\/wp-json\/wp\/v2\/tags?post=228119"}],"curies":[{"name":"wp","href":"https:\/\/api.w.org\/{rel}","templated":true}]}}