{"id":228121,"date":"2026-01-14T10:54:17","date_gmt":"2026-01-14T10:54:17","guid":{"rendered":"https:\/\/www.europesays.com\/pt\/228121\/"},"modified":"2026-01-14T10:54:17","modified_gmt":"2026-01-14T10:54:17","slug":"ludmilla-e-brunna-goncalves-trocam-beijo-em-praia-de-fernando-de-noronha","status":"publish","type":"post","link":"https:\/\/www.europesays.com\/pt\/228121\/","title":{"rendered":"Ludmilla e Brunna Gon\u00e7alves trocam beijo em praia de Fernando de Noronha"},"content":{"rendered":"<p>\n                        Ludmilla e Brunna Gon\u00e7alves est\u00e3o curtindo uma viagem juntas ao lado de Zuri\n                    <\/p>\n<p>\n                                    13 jan<br \/>\n                                    2026<br \/>\n                                     &#8211; 16h51\n                                <\/p>\n<p>\n                                                                                                                        (atualizado \u00e0s 17h03)\n                                                                            <\/p>\n<p class=\"text\"><a href=\"https:\/\/www.terra.com.br\/tudo-sobre\/ludmilla\" target=\"_self\" rel=\"nofollow noopener\">Ludmilla<\/a> e <strong>Brunna Gon\u00e7alves<\/strong> est\u00e3o aproveitando as f\u00e9rias em Fernando de Noronha ao lado de <strong>Zuri<\/strong>, de sete meses.\u00a0 A viagem marcou o in\u00edcio de 2026 com clima de afeto, sol e boas energias no arquip\u00e9lago pernambucano. Em uma publica\u00e7\u00e3o recente, a dan\u00e7arina compartilhou diferentes momentos delas na praia.<\/p>\n<p><img loading=\"lazy\" decoding=\"async\" alt=\"Ludmilla e Brunna Gon\u00e7alves\" class=\"img-1a5c192427d9a7863e3983eee3f3f971y2t5756l\" height=\"435\" src=\"https:\/\/www.europesays.com\/pt\/wp-content\/uploads\/2026\/01\/1939235470-contigo-6-4.jpg\"  title=\"Ludmilla e Brunna Gon\u00e7alves\" width=\"774\"\/><\/p>\n<p>Ludmilla e Brunna Gon\u00e7alves<\/p>\n<p>Foto: Reprodu\u00e7\u00e3o\/Instagram \/ Contigo<\/p>\n<p class=\"text\">Na legenda da publica\u00e7\u00e3o feita no feed do Instagram, Brunna fez quest\u00e3o de demonstrar sua felicidade por estar no local: &#8220;Noronha + amor = n\u00f3s&#8221;, escreveu ela. &#8220;Dias incr\u00edveis&#8221;, respondeu Ludmilla nos coment\u00e1rios, concordando com a influenciadora.<\/p>\n<p class=\"text\">&#8220;Lindas!!!!&#8221;, elogiou a ex-BBB Larissa Santos nos coment\u00e1rios. &#8220;T\u00f4 chocada com essa foto do Zuri em p\u00e9. \u00c0s vezes acho que essa beb\u00ea esquece que acabou de nascer, pois t\u00e1 muito grande&#8221;, observou outra. &#8220;Maravilhosas&#8221;, disse uma terceira.<\/p>\n<blockquote class=\"instagram-media\" data-instgrm-captioned=\"\" data-instgrm-permalink=\"https:\/\/www.instagram.com\/p\/DTTutKbCRYP\/?utm_source=ig_embed&amp;utm_campaign=loading\" data-instgrm-version=\"14\" style=\"background: #FFF; border: 0; border-radius: 3px; box-shadow: 0 0 1px 0 rgba(0,0,0,0.5),0 1px 10px 0 rgba(0,0,0,0.15); margin: 1px; max-width: 540px; min-width: 326px; padding: 0; width: calc(100% - 2px);\">\n<p>     Ver essa foto no Instagram <\/p>\n<p class=\"text\" style=\"color: #c9c8cd; font-family: Arial,sans-serif; font-size: 14px; line-height: 17px; margin-bottom: 0; margin-top: 8px; overflow: hidden; padding: 8px 0 7px; text-align: center; text-overflow: ellipsis; white-space: nowrap;\"><a href=\"https:\/\/www.instagram.com\/p\/DTTutKbCRYP\/?utm_source=ig_embed&amp;utm_campaign=loading\" rel=\"noopener nofollow\" style=\"color: #c9c8cd; font-family: Arial,sans-serif; font-size: 14px; font-style: normal; font-weight: normal; line-height: 17px; text-decoration: none;\" target=\"_blank\">Um post compartilhado por Brunna Gon\u00e7alves (@brunnagoncalves)<\/a><\/p>\n<\/blockquote>\n<p>Ludmilla d\u00e1 &#8220;bronca&#8221; em Brunna Gon\u00e7alves na Grande Rio<\/p>\n<p class=\"text\">Em dezembro, <strong>Ludmilla<\/strong> exibiu detalhes dos bastidores do \u00faltimo ensaio de 2025 da Grande Rio, escola de samba da qual <strong>Brunna Gon\u00e7alves<\/strong> \u00e9 uma das musas. Nos Stories do Instagram, a cantora mostrou registros da dan\u00e7arina comendo e brincou sobre n\u00e3o estar vendo seu samba no p\u00e9.<\/p>\n<p class=\"text\">&#8220;Eu vim para ver a musa e a musa s\u00f3 est\u00e1 comendo. Cad\u00ea o samba?&#8221;, perguntou Ludmilla. Brunna logo respondeu sambando, enquanto segurava uma marmita e mastigava, &#8220;Ahhh! Olha&#8221;, respondeu a cantora. Ao compartilhar o v\u00eddeo, ela escreveu: &#8220;Espet\u00e1culo&#8221;.<\/p>\n<p class=\"text\">Para o ensaio, a dan\u00e7arina escolheu usar um look branco, com short e top de tric\u00f4, al\u00e9m de detalhes dourados. Ela completou a produ\u00e7\u00e3o com acess\u00f3rios e sand\u00e1lias de salto alto tamb\u00e9m douradas.<\/p>\n<p>Surpresa de anivers\u00e1rio<\/p>\n<p class=\"text\">Durante o ensaio feito no dia 16 de dezembro, Brunna Gon\u00e7alves tamb\u00e9m ganhou uma festa de anivers\u00e1rio surpresa na quadra da escola para celebrar seus 34 anos de vida, completos na pr\u00f3pria ter\u00e7a-feira.<\/p>\n<p class=\"text\">&#8220;N\u00e3o tem jeito melhor de fazer anivers\u00e1rio! Comemorando meus 34 aninhos com a fam\u00edlia Grande Rio no nosso \u00faltimo ensaio de quadra. Amei a festa surpresa que fizeram pra mim! VAMOS SAMBAR!&#8221;, afirmou ela ao compartilhar os cliques nas redes sociais.<\/p>\n<p class=\"text\">A ex-BBB come\u00e7ou o dia ao lado de Ludmilla e da filha, <strong>Zuri<\/strong>, de sete meses. &#8220;Bom dia! Sendo acordada com o melhor presente que eu poderia ter.. minha fam\u00edlia&#8221;, escreveu a aniversariante na legenda do post.<\/p>\n<p class=\"text\">A foto de Brunna com a fam\u00edlia encantou a web e rendeu muitos coment\u00e1rios: &#8220;Que bebezinha linda!&#8221;, disse uma internauta. &#8220;Que fofurinha sorridente&#8221;, elogiou mais uma. &#8220;Eu jurava que ela tinha uns 26 anos&#8221;, confessou a terceira.<\/p>\n<p>                            <script async src=\"\/\/www.instagram.com\/embed.js\"><\/script><\/p>\n","protected":false},"excerpt":{"rendered":"Ludmilla e Brunna Gon\u00e7alves est\u00e3o curtindo uma viagem juntas ao lado de Zuri 13 jan 2026 &#8211; 16h51&hellip;\n","protected":false},"author":2,"featured_media":228122,"comment_status":"","ping_status":"","sticky":false,"template":"","format":"standard","meta":{"footnotes":""},"categories":[145],"tags":[211,210,114,115,32,33],"class_list":{"0":"post-228121","1":"post","2":"type-post","3":"status-publish","4":"format-standard","5":"has-post-thumbnail","7":"category-celebridades","8":"tag-celebridades","9":"tag-celebrities","10":"tag-entertainment","11":"tag-entretenimento","12":"tag-portugal","13":"tag-pt"},"share_on_mastodon":{"url":"https:\/\/pubeurope.com\/@pt\/115893086648738673","error":""},"_links":{"self":[{"href":"https:\/\/www.europesays.com\/pt\/wp-json\/wp\/v2\/posts\/228121","targetHints":{"allow":["GET"]}}],"collection":[{"href":"https:\/\/www.europesays.com\/pt\/wp-json\/wp\/v2\/posts"}],"about":[{"href":"https:\/\/www.europesays.com\/pt\/wp-json\/wp\/v2\/types\/post"}],"author":[{"embeddable":true,"href":"https:\/\/www.europesays.com\/pt\/wp-json\/wp\/v2\/users\/2"}],"replies":[{"embeddable":true,"href":"https:\/\/www.europesays.com\/pt\/wp-json\/wp\/v2\/comments?post=228121"}],"version-history":[{"count":0,"href":"https:\/\/www.europesays.com\/pt\/wp-json\/wp\/v2\/posts\/228121\/revisions"}],"wp:featuredmedia":[{"embeddable":true,"href":"https:\/\/www.europesays.com\/pt\/wp-json\/wp\/v2\/media\/228122"}],"wp:attachment":[{"href":"https:\/\/www.europesays.com\/pt\/wp-json\/wp\/v2\/media?parent=228121"}],"wp:term":[{"taxonomy":"category","embeddable":true,"href":"https:\/\/www.europesays.com\/pt\/wp-json\/wp\/v2\/categories?post=228121"},{"taxonomy":"post_tag","embeddable":true,"href":"https:\/\/www.europesays.com\/pt\/wp-json\/wp\/v2\/tags?post=228121"}],"curies":[{"name":"wp","href":"https:\/\/api.w.org\/{rel}","templated":true}]}}