{"id":228131,"date":"2026-01-14T11:04:12","date_gmt":"2026-01-14T11:04:12","guid":{"rendered":"https:\/\/www.europesays.com\/pt\/228131\/"},"modified":"2026-01-14T11:04:12","modified_gmt":"2026-01-14T11:04:12","slug":"ces-2026-hisense-apresenta-ecossistema-completo-de-casa-inteligente","status":"publish","type":"post","link":"https:\/\/www.europesays.com\/pt\/228131\/","title":{"rendered":"CES 2026 | Hisense apresenta ecossistema completo de casa inteligente"},"content":{"rendered":"<p>A <strong>Hisense<\/strong>, marca l\u00edder mundial em eletr\u00f3nica de consumo e eletrodom\u00e9sticos, apresenta um ecossistema completo de casa inteligente na <strong>CES 2026<\/strong>, demonstrando como as tecnologias avan\u00e7adas de televisores e eletrodom\u00e9sticos<br \/>com intelig\u00eancia artificial se re\u00fanem para melhorar o dia-a-dia dos utilizadores.<\/p>\n<p>Com um conceito baseado em cen\u00e1rios reais de ambientes dom\u00e9sticos, o stand da <strong>Hisense<\/strong> na <strong>CES<\/strong> re\u00fane entretenimento premium em ecr\u00e3s de grande formato, com solu\u00e7\u00f5es inteligentes para a cozinha, ar condicionado e lavandaria. As televis\u00f5es de grande formato s\u00e3o o centro dos momentos partilhados em fam\u00edlia, enquanto os eletrodom\u00e9sticos com IA demonstram como a tecnologia se integra perfeitamente na vida quotidiana.<\/p>\n<p><img fetchpriority=\"high\" decoding=\"async\" width=\"600\" height=\"400\" src=\"https:\/\/www.europesays.com\/pt\/wp-content\/uploads\/2026\/01\/Hisense-Harley-CES-2026.jpg\" alt=\"\" class=\"wp-image-93218\"  \/><\/p>\n<p>Outra das novidades no stand \u00e9 o rob\u00f4 humanoide <strong>Harley<\/strong>. Com 31 graus de liberdade, oferece gestos e intera\u00e7\u00f5es realistas para aumentar o envolvimento e melhorar as experi\u00eancias no local. Al\u00e9m deste, s\u00e3o tamb\u00e9m exibidos, o rob\u00f4 humanoide R1 (A2) e o rob\u00f4 de companhia dom\u00e9stica Beta.<\/p>\n<p>Na gama de televisores, a <strong>Hisense<\/strong> destaca o RGB-Mini LED evo, uma verdadeira evolu\u00e7\u00e3o ao n\u00edvel de sistema na tecnologia de TVs de grande formato, liderada pelo lan\u00e7amento da TV RGB-MiniLED 116UXS, o primeiro produto equipado com esta tecnologia. O RGB-MiniLED evo introduz um quarto LED Sky Blue\u2013Cyan na retroilumina\u00e7\u00e3o, pioneiro na ind\u00fastria, expandindo a cobertura de cores BT.2020 at\u00e9 110%, enquanto proporciona uma express\u00e3o de cores mais natural e maior conforto de visualiza\u00e7\u00e3o que melhoram significativamente a qualidade de imagem.<\/p>\n<p><img loading=\"lazy\" decoding=\"async\" width=\"600\" height=\"337\" src=\"https:\/\/www.europesays.com\/pt\/wp-content\/uploads\/2026\/01\/RGB-MiniLED-116UXS.jpg\" alt=\"\" class=\"wp-image-93214\"  \/><\/p>\n<p>Al\u00e9m disso, a <strong>Hisense<\/strong> anunciou ainda o lan\u00e7amento a n\u00edvel global do projetor a laser <strong>XR10<\/strong>, que oferece 6.000 lumens ANSI, permitindo criar uma experi\u00eancia de cinema em casa de n\u00edvel profissional. Projetado para uma visualiza\u00e7\u00e3o envolvente at\u00e9 300 polegadas, o XR10 com brilho melhorado e desempenho de cores mais vividas, transforma os ambientes de cinema em casa. <\/p>\n<p>Juntamente com as TVs <strong>RGB-MiniLED<\/strong>, o <strong>TriChroma Laser<\/strong> amplia a oferta de ecr\u00e3s de grande formato da <strong>Hisense<\/strong>, passando da visualiza\u00e7\u00e3o de excel\u00eancia na sala de estar para verdadeiros ambientes de cinema em casa.<\/p>\n<p>Dando continuidade \u00e0 evolu\u00e7\u00e3o do <strong>VIDAA OS<\/strong>, a <strong>Hisense<\/strong> anunciou uma colabora\u00e7\u00e3o estrat\u00e9gica com a Microsoft para integrar as capacidades de intelig\u00eancia artificial generativa do Copilot no V homeOS, impulsionando experi\u00eancias de televis\u00e3o de nova gera\u00e7\u00e3o para ambientes dom\u00e9sticos com ecr\u00e3s de grandes dimens\u00f5es. A colabora\u00e7\u00e3o estende-se igualmente \u00e0 Xbox Cloud Gaming, permitindo levar t\u00edtulos de refer\u00eancia a n\u00edvel mundial diretamente para os televisores <strong>Hisense<\/strong> \u2014 sem necessidade de consola.<\/p>\n<p><img loading=\"lazy\" decoding=\"async\" width=\"600\" height=\"330\" src=\"https:\/\/www.europesays.com\/pt\/wp-content\/uploads\/2026\/01\/Hisense-X-Zone-Master-1.jpg\" alt=\"\" class=\"wp-image-93215\"  \/><\/p>\n<p>Al\u00e9m destas novidades, a <strong>Hisense<\/strong> apresenta uma gama de inova\u00e7\u00f5es para a casa inteligente. Destaca-se a <strong>X-Zone Master<\/strong>, a primeira m\u00e1quina de lavar e secar roupa com bomba de calor X-in-one do mundo. Com um novo sistema modular com v\u00e1rios tambores, permite aos utilizadores configurar layouts flex\u00edveis, ao mesmo tempo que possibilita um cuidado mais preciso e espec\u00edfico para cada tipo de material. <\/p>\n<p>Para complementar este modelo, a s\u00e9rie U premium da <strong>Hisense<\/strong> foi concebida para oferecer uma solu\u00e7\u00e3o de lavagem mais fresca e suave, com tecnologia de filtragem, ventila\u00e7\u00e3o e remo\u00e7\u00e3o de est\u00e1tica de \u00faltima gera\u00e7\u00e3o.<\/p>\n<p>A <strong>Hisense<\/strong> est\u00e1 dedicada a melhorar a vida dos utilizadores com uma gama de eletrodom\u00e9sticos equipados com intelig\u00eancia artificial. O frigor\u00edfico <strong>PUREFLAT SMART SERIES<\/strong> possui um ecr\u00e3 grande inteligente integrado com a tecnologia ConnectLife Hub, proporcionando uma experi\u00eancia de cozinha moderna e conectada, simplificando a intera\u00e7\u00e3o com os eletrodom\u00e9sticos e o controlo inteligente da casa. <\/p>\n<p>Por outro lado, o ar condicionado <strong>Air Master<\/strong>, vencedor do pr\u00e9mio <strong>Red Dot Award<\/strong>, possui um sistema de dete\u00e7\u00e3o de alta precis\u00e3o que pode ajustar o fluxo de ar, a temperatura e a humidade para um conforto interior ideal. A sua intelig\u00eancia \u00e9 ainda refor\u00e7ada por um assistente de voz inteligente e um modo autom\u00e1tico de poupan\u00e7a de energia. Al\u00e9m disso, a tecnologia de purifica\u00e7\u00e3o do ar HI-NANO ajuda a garantir um ar interior mais limpo e saud\u00e1vel.<\/p>\n<p><img loading=\"lazy\" decoding=\"async\" width=\"600\" height=\"391\" src=\"https:\/\/www.europesays.com\/pt\/wp-content\/uploads\/2026\/01\/Hisense-AIR-MASTER.jpg\" alt=\"\" class=\"wp-image-93216\"  \/><\/p>\n<p>A presen\u00e7a da <strong>Hisense<\/strong> na <strong>CES 2026 <\/strong>\u00e9 ainda mais destacada pelos quatro pr\u00e9mios <strong>CES Innovation Awards<\/strong>. Entre os vencedores, o 163 MX e o X-Zone Master conquistaram o pr\u00e9mio <strong>CES 2026<\/strong> Best of Innovation Award nas suas respetivas \u00e1reas, reconhecendo a lideran\u00e7a da <strong>Hisense<\/strong> nas categorias de ecr\u00e3s e eletrodom\u00e9sticos.<\/p>\n<p>Atrav\u00e9s da iniciativa \u201cInnovating a Brighter Life\u201d, a <strong>Hisense<\/strong> continua a demonstrar como a inova\u00e7\u00e3o centrada no ser humano pode transformar a tecnologia avan\u00e7ada em experi\u00eancias em casa mais confort\u00e1veis, conectadas e significativas.<\/p>\n","protected":false},"excerpt":{"rendered":"A Hisense, marca l\u00edder mundial em eletr\u00f3nica de consumo e eletrodom\u00e9sticos, apresenta um ecossistema completo de casa inteligente&hellip;\n","protected":false},"author":2,"featured_media":228132,"comment_status":"","ping_status":"","sticky":false,"template":"","format":"standard","meta":{"footnotes":""},"categories":[84],"tags":[109,107,108,32,33,105,103,104,106,110],"class_list":{"0":"post-228131","1":"post","2":"type-post","3":"status-publish","4":"format-standard","5":"has-post-thumbnail","7":"category-ciencia-e-tecnologia","8":"tag-ciencia","9":"tag-ciencia-e-tecnologia","10":"tag-cienciaetecnologia","11":"tag-portugal","12":"tag-pt","13":"tag-science","14":"tag-science-and-technology","15":"tag-scienceandtechnology","16":"tag-technology","17":"tag-tecnologia"},"share_on_mastodon":{"url":"https:\/\/pubeurope.com\/@pt\/115893126080679801","error":""},"_links":{"self":[{"href":"https:\/\/www.europesays.com\/pt\/wp-json\/wp\/v2\/posts\/228131","targetHints":{"allow":["GET"]}}],"collection":[{"href":"https:\/\/www.europesays.com\/pt\/wp-json\/wp\/v2\/posts"}],"about":[{"href":"https:\/\/www.europesays.com\/pt\/wp-json\/wp\/v2\/types\/post"}],"author":[{"embeddable":true,"href":"https:\/\/www.europesays.com\/pt\/wp-json\/wp\/v2\/users\/2"}],"replies":[{"embeddable":true,"href":"https:\/\/www.europesays.com\/pt\/wp-json\/wp\/v2\/comments?post=228131"}],"version-history":[{"count":0,"href":"https:\/\/www.europesays.com\/pt\/wp-json\/wp\/v2\/posts\/228131\/revisions"}],"wp:featuredmedia":[{"embeddable":true,"href":"https:\/\/www.europesays.com\/pt\/wp-json\/wp\/v2\/media\/228132"}],"wp:attachment":[{"href":"https:\/\/www.europesays.com\/pt\/wp-json\/wp\/v2\/media?parent=228131"}],"wp:term":[{"taxonomy":"category","embeddable":true,"href":"https:\/\/www.europesays.com\/pt\/wp-json\/wp\/v2\/categories?post=228131"},{"taxonomy":"post_tag","embeddable":true,"href":"https:\/\/www.europesays.com\/pt\/wp-json\/wp\/v2\/tags?post=228131"}],"curies":[{"name":"wp","href":"https:\/\/api.w.org\/{rel}","templated":true}]}}