{"id":228141,"date":"2026-01-14T11:15:08","date_gmt":"2026-01-14T11:15:08","guid":{"rendered":"https:\/\/www.europesays.com\/pt\/228141\/"},"modified":"2026-01-14T11:15:08","modified_gmt":"2026-01-14T11:15:08","slug":"os-onzes-provaveis-de-fc-porto-e-benfica-para-o-classico-da-taca","status":"publish","type":"post","link":"https:\/\/www.europesays.com\/pt\/228141\/","title":{"rendered":"Os onzes prov\u00e1veis de FC Porto e Benfica para o cl\u00e1ssico da Ta\u00e7a"},"content":{"rendered":"<p>FC Porto e Benfica jogam esta quarta-feira no Est\u00e1dio do Drag\u00e3o por um lugar nas meias-finais da Ta\u00e7a de Portugal, no jogo grande da eliminat\u00f3ria entre dois rivais com estados an\u00edmicos muito diferentes.<\/p>\n<p>O l\u00edder da I Liga, FC Porto, pode ter favoritismo por jogar em casa, numa fase da \u00e9poca em que lidera confortavelmente o campeonato, em contraponto com o Benfica, a 10 pontos da lideran\u00e7a. O jogo no Drag\u00e3o, com in\u00edcio \u00e0s 20h45, apenas pode servir para minorar a p\u00e9ssima campanha dos encarnados &#8211; minimizada por um triunfo na Superta\u00e7a, na abertura da \u00e9poca -, enquanto o FC Porto vive o seu melhor momento.<\/p>\n<p>No FC Porto, os refor\u00e7os Thiago Silva e Oskar Pietuszewski podem estrear-se, embora Francisco Moura e Zaidu, no lado esquerdo da defesa, n\u00e3o estejam dispon\u00edveis, enquanto no Benfica a grande aus\u00eancia ser\u00e1 a do capit\u00e3o Nicol\u00e1s Otamendi, expulso nas meias-finais da Ta\u00e7a da Liga, na derrota contra o Braga (3-1).<\/p>\n<p><strong>Onze prov\u00e1vel do FC Porto:<\/strong> Diogo Costa; Martim Fernandes, Thiago Silva, Bednarek e Kiwior; Froholdt, Pablo Rosario e Gabri Veiga; Pep\u00ea, Samu e Borja Sainz.<\/p>\n<p><strong>Onze prov\u00e1vel do Benfica: <\/strong>Trubin; Dedic, Tom\u00e1s Ara\u00fajo, Ant\u00f3nio Silva e Dahl; Richard R\u00edos e Manu Silva; Aursnes, Sudakov e Sidny Cabral; Pavlidis.<\/p>\n","protected":false},"excerpt":{"rendered":"FC Porto e Benfica jogam esta quarta-feira no Est\u00e1dio do Drag\u00e3o por um lugar nas meias-finais da Ta\u00e7a&hellip;\n","protected":false},"author":2,"featured_media":228142,"comment_status":"","ping_status":"","sticky":false,"template":"","format":"standard","meta":{"footnotes":""},"categories":[87],"tags":[135,32,33,134],"class_list":{"0":"post-228141","1":"post","2":"type-post","3":"status-publish","4":"format-standard","5":"has-post-thumbnail","7":"category-desporto","8":"tag-desporto","9":"tag-portugal","10":"tag-pt","11":"tag-sports"},"share_on_mastodon":{"url":"https:\/\/pubeurope.com\/@pt\/115893169292620110","error":""},"_links":{"self":[{"href":"https:\/\/www.europesays.com\/pt\/wp-json\/wp\/v2\/posts\/228141","targetHints":{"allow":["GET"]}}],"collection":[{"href":"https:\/\/www.europesays.com\/pt\/wp-json\/wp\/v2\/posts"}],"about":[{"href":"https:\/\/www.europesays.com\/pt\/wp-json\/wp\/v2\/types\/post"}],"author":[{"embeddable":true,"href":"https:\/\/www.europesays.com\/pt\/wp-json\/wp\/v2\/users\/2"}],"replies":[{"embeddable":true,"href":"https:\/\/www.europesays.com\/pt\/wp-json\/wp\/v2\/comments?post=228141"}],"version-history":[{"count":0,"href":"https:\/\/www.europesays.com\/pt\/wp-json\/wp\/v2\/posts\/228141\/revisions"}],"wp:featuredmedia":[{"embeddable":true,"href":"https:\/\/www.europesays.com\/pt\/wp-json\/wp\/v2\/media\/228142"}],"wp:attachment":[{"href":"https:\/\/www.europesays.com\/pt\/wp-json\/wp\/v2\/media?parent=228141"}],"wp:term":[{"taxonomy":"category","embeddable":true,"href":"https:\/\/www.europesays.com\/pt\/wp-json\/wp\/v2\/categories?post=228141"},{"taxonomy":"post_tag","embeddable":true,"href":"https:\/\/www.europesays.com\/pt\/wp-json\/wp\/v2\/tags?post=228141"}],"curies":[{"name":"wp","href":"https:\/\/api.w.org\/{rel}","templated":true}]}}