{"id":228165,"date":"2026-01-14T11:31:09","date_gmt":"2026-01-14T11:31:09","guid":{"rendered":"https:\/\/www.europesays.com\/pt\/228165\/"},"modified":"2026-01-14T11:31:09","modified_gmt":"2026-01-14T11:31:09","slug":"globos-de-ouro-quem-esteve-imaculada-e-quem-usou-vestido-pavoroso","status":"publish","type":"post","link":"https:\/\/www.europesays.com\/pt\/228165\/","title":{"rendered":"Globos de Ouro: Quem esteve &#8220;imaculada&#8221; e quem usou vestido &#8220;pavoroso&#8221;"},"content":{"rendered":"<p>A 83.\u00aa edi\u00e7\u00e3o dos Globos de Ouro decorreu na madrugada de domingo, 11 de janeiro, no Beverly Hilton, em Los Angeles, Calif\u00f3rnia, com a presen\u00e7a dos grandes nomes de Hollywood.\u00a0<\/p>\n<p>Quais os melhores e piores looks daquela que \u00e9 uma das grandes cerim\u00f3nias de pr\u00e9mios a n\u00edvel internacional? Respondemos \u00e0 quest\u00e3o na estreia da rubrica\u00a0Corte Certo\u00a0do Fama ao Minuto.<\/p>\n<p>M\u00e1rio de Carvalho, designer e stylist, analisou ao detalhes os visuais das famosas e premiou quem conseguiu &#8220;o corte certo&#8221;.\u00a0<\/p>\n<p>                                                    Os 5 melhores looks dos Globos de Ouro<\/p>\n<p>No topo da lista dos cinco melhores looks dos Globos de Ouro, e com o Corte Certo, surge Selena Gomez. Segundo M\u00e1rio de Carvalho a cantora e atriz estava &#8220;imaculada&#8221;. &#8220;Perfeita em Chanel, maquilhagem maravilhosa, fitting incr\u00edvel, acess\u00f3rios no ponto.&#8221;<\/p>\n<p>Teyana Taylor brilhou com uma cria\u00e7\u00e3o Schiaparelli. &#8220;O auge deste vestido viu-se pouco, estava nas costas. Mas, n\u00e3o obstante, tudo aquilo foi uma escolha feliz. \u00c9 uma mulher muito imponente&#8221;, real\u00e7ou o designer e stylist.\u00a0<\/p>\n<p>Lisa teve igualmente lugar no p\u00f3dio com um vestido JACQUEMUS, uma &#8220;escolha elegante e sofisticada&#8221;. Segundo M\u00e1rio de Carvalho tratou-se de um visual com &#8220;design delicado mas irreverente&#8221;. &#8220;Um look que vive de opostos est\u00e9ticos, mas que culminam no ADN do designer &#8211; a mulher no seu melhor&#8221;, real\u00e7ou.<\/p>\n<p>Emily Blunt elegeu num visual Louis Vuitton, um &#8220;vestido bel\u00edssimo&#8221; com &#8220;acabamentos sublimes&#8221;, superando a dificuldade que \u00e9 para quem cria &#8220;trabalhar branco&#8221;. Ainda a respeito deste look, M\u00e1rio de Carvalho lembrou que a Louis Vuitton &#8220;quando cria para red carpet tem pouca identidade, ou seja, \u00e9 dif\u00edcil perceber o que \u00e9 Louis Vuitton numa mulher porque a est\u00e9tica n\u00e3o \u00e9 coerente, contudo, \u00e9 sempre muito boa&#8221;.\u00a0<\/p>\n<p>Por \u00faltimo na lista dos melhores look surge Emma Stone, tamb\u00e9m com uma cria\u00e7\u00e3o Louis Vuitton. &#8220;Se o look \u00e9 memor\u00e1vel? N\u00e3o. Se j\u00e1 vimos esta f\u00f3rmula quinhentas vezes? Sim. Se resultou? Incrivelmente. E achei a escolha da cor muito feliz &#8211; por mais dif\u00edcil que seja \u00abencaixar\u00bb amarelo.&#8221;<\/p>\n<p>                                                    Os 5 piores looks dos Globos de Ouro<\/p>\n<p>Jennifer Lawrence aparece no topo da lista dos cinco piores looks dos Globos de Ouro 2026. Uma cria\u00e7\u00e3o Givanchy, mas que mais parece um fato da &#8220;Sininho do Peter Pan encomendado na TEMU&#8221;.<\/p>\n<p>&#8220;A ideia \u00e9 muito boa e muito forte. O resultado final \u00e9 pavoroso, sem gra\u00e7a e aborrecido. N\u00e3o sei em que circunst\u00e2ncia se usava este vestido, mas sei onde n\u00e3o se usava &#8211; nos Globos de Ouro&#8221;, afian\u00e7ou M\u00e1rio de Carvalho.\u00a0<\/p>\n<p>Jennifer Lopes surge igualmente entre os piores com um vestido Sabyasachi. &#8220;\u00c9 triste para mim falar dela porque \u00e9 a minha artista favorita, mas tenho de ser justo e acho que a equipa dela falhou redondamente&#8221;, come\u00e7ou por referir o designer.<\/p>\n<p>&#8220;O vestido parece de 2010, n\u00e3o tem bom ar, mas h\u00e1 qualquer coisa que grita mais: a maquilhagem. \u00c9-me inconceb\u00edvel algu\u00e9m ter sido pago, e estamos a falar de um maquilhador not\u00e1vel, para ter feito um trabalho t\u00e3o mau&#8221;, lamentou.<\/p>\n<p>Segue-se Zoe Kravitz, com uma cria\u00e7\u00e3o Yves Saint Laurent. &#8220;Levou demasiado \u00e0 letra a express\u00e3o que diz \u00abmenos \u00e9 mais\u00bb e levou pouca roupa de gala e uma camisa de dormir frouxa&#8221;, notou o designer e stylist.\u00a0<\/p>\n<p>Ariana Grande apostou num look VW. M\u00e1rio de Carvalho explicou que &#8220;as propor\u00e7\u00f5es est\u00e3o todas erradas&#8221; no vestido usado pela cantora e atriz. &#8220;Estamos a falar de uma mulher com pouco mais de um metro e meio num vestido que n\u00e3o foi, sequer, ajustado. Achei terr\u00edvel&#8221;, notou.\u00a0<\/p>\n<p>Por \u00faltimo nos grandes desastres dos Globos de Ouro surge Leighton Meester, com um vestido Miu Miu. &#8220;H\u00e1 cabe\u00e7as criativas que n\u00e3o s\u00e3o incr\u00edveis para criar para red carpet, a senhora Miuccia Prada \u00e9 uma delas&#8221;, come\u00e7ou por dizer o designer. De acordo com a sua opini\u00e3o, a designer &#8220;ergue demasiadas vezes a bandeira do \u00abugly chique\u00bb, tantas que o chique foge e fica s\u00f3 o ugly&#8221;. Para o nosso especialista em moda &#8220;foi exatamente o que aconteceu&#8221; neste visual.\u00a0<\/p>\n<p>                                                    <img decoding=\"async\" height=\"640\" with=\"360\" src=\"https:\/\/www.europesays.com\/pt\/wp-content\/uploads\/2026\/01\/naom_695fc1b9532dc.jpeg\" border=\"0\" alt=\"\"\/><\/p>\n<p>Num ano marcante para a sua carreira, M\u00e1rio de Carvalho junta-se ao Fama ao Minuto para fazer nascer a rubrica &#8220;Corte Certo&#8221;. Em entrevista, o designer e stylist apresenta-se aos leitores e promete fazer de &#8220;Corte Certo&#8221; uma rubrica &#8220;assertiva e com um sentido de humor acutilante&#8221;.<\/p>\n<p>                                                     Catarina Carvalho Ferreira | 09:02 &#8211; 11\/01\/2026 <\/p>\n","protected":false},"excerpt":{"rendered":"A 83.\u00aa edi\u00e7\u00e3o dos Globos de Ouro decorreu na madrugada de domingo, 11 de janeiro, no Beverly Hilton,&hellip;\n","protected":false},"author":2,"featured_media":228166,"comment_status":"","ping_status":"","sticky":false,"template":"","format":"standard","meta":{"footnotes":""},"categories":[85],"tags":[114,115,32,33],"class_list":{"0":"post-228165","1":"post","2":"type-post","3":"status-publish","4":"format-standard","5":"has-post-thumbnail","7":"category-entretenimento","8":"tag-entertainment","9":"tag-entretenimento","10":"tag-portugal","11":"tag-pt"},"share_on_mastodon":{"url":"https:\/\/pubeurope.com\/@pt\/115893232209730437","error":""},"_links":{"self":[{"href":"https:\/\/www.europesays.com\/pt\/wp-json\/wp\/v2\/posts\/228165","targetHints":{"allow":["GET"]}}],"collection":[{"href":"https:\/\/www.europesays.com\/pt\/wp-json\/wp\/v2\/posts"}],"about":[{"href":"https:\/\/www.europesays.com\/pt\/wp-json\/wp\/v2\/types\/post"}],"author":[{"embeddable":true,"href":"https:\/\/www.europesays.com\/pt\/wp-json\/wp\/v2\/users\/2"}],"replies":[{"embeddable":true,"href":"https:\/\/www.europesays.com\/pt\/wp-json\/wp\/v2\/comments?post=228165"}],"version-history":[{"count":0,"href":"https:\/\/www.europesays.com\/pt\/wp-json\/wp\/v2\/posts\/228165\/revisions"}],"wp:featuredmedia":[{"embeddable":true,"href":"https:\/\/www.europesays.com\/pt\/wp-json\/wp\/v2\/media\/228166"}],"wp:attachment":[{"href":"https:\/\/www.europesays.com\/pt\/wp-json\/wp\/v2\/media?parent=228165"}],"wp:term":[{"taxonomy":"category","embeddable":true,"href":"https:\/\/www.europesays.com\/pt\/wp-json\/wp\/v2\/categories?post=228165"},{"taxonomy":"post_tag","embeddable":true,"href":"https:\/\/www.europesays.com\/pt\/wp-json\/wp\/v2\/tags?post=228165"}],"curies":[{"name":"wp","href":"https:\/\/api.w.org\/{rel}","templated":true}]}}