{"id":228177,"date":"2026-01-14T11:37:19","date_gmt":"2026-01-14T11:37:19","guid":{"rendered":"https:\/\/www.europesays.com\/pt\/228177\/"},"modified":"2026-01-14T11:37:19","modified_gmt":"2026-01-14T11:37:19","slug":"brian-tyree-henry-elogia-wagner-moura-apos-globo-de-ouro-13-01-2026-celebridades","status":"publish","type":"post","link":"https:\/\/www.europesays.com\/pt\/228177\/","title":{"rendered":"Brian Tyree Henry elogia Wagner Moura ap\u00f3s Globo de Ouro &#8211; 13\/01\/2026 &#8211; Celebridades"},"content":{"rendered":"<p>\n<strong class=\"c-signature__location\">Rio de Janeiro<\/strong>\n<\/p>\n<p>O ator americano Brian Tyree Henry usou as redes sociais para homenagear <a href=\"https:\/\/www1.folha.uol.com.br\/folha-topicos\/wagner-moura\/\" rel=\"nofollow noopener\" target=\"\">Wagner Moura<\/a> ap\u00f3s a vit\u00f3ria no Globo de Ouro como <a href=\"https:\/\/www1.folha.uol.com.br\/ilustrada\/2026\/01\/wagner-moura-vence-o-globo-de-ouro-de-melhor-ator-pelo-filme-o-agente-secreto.shtml\" rel=\"nofollow noopener\" target=\"\">melhor ator em filme de Drama<\/a>, neste domingo (11), em Beverly Hills, na Calif\u00f3rnia. Os dois atuaram na s\u00e9rie &#8220;Ladr\u00f5es de Drogas&#8221;, da Apple TV. &#8220;Este \u00e9 o cara. Ele \u00e9 uma lenda e um dos seres humanos mais incr\u00edveis que existem&#8221;, come\u00e7ou.<\/p>\n","protected":false},"excerpt":{"rendered":"Rio de Janeiro O ator americano Brian Tyree Henry usou as redes sociais para homenagear Wagner Moura ap\u00f3s&hellip;\n","protected":false},"author":2,"featured_media":228178,"comment_status":"","ping_status":"","sticky":false,"template":"","format":"standard","meta":{"footnotes":""},"categories":[145],"tags":[219,211,210,470,6724,223,114,115,224,225,226,221,220,222,26718,2158,32,33,218,228,227,12348],"class_list":{"0":"post-228177","1":"post","2":"type-post","3":"status-publish","4":"format-standard","5":"has-post-thumbnail","7":"category-celebridades","8":"tag-bichos","9":"tag-celebridades","10":"tag-celebrities","11":"tag-cinema","12":"tag-cinema-brasileiro","13":"tag-colunistas","14":"tag-entertainment","15":"tag-entretenimento","16":"tag-estranho","17":"tag-eu-amo","18":"tag-fofices","19":"tag-horoscopo","20":"tag-humanos","21":"tag-humor","22":"tag-kleber-mendona-filho","23":"tag-o-agente-secreto","24":"tag-portugal","25":"tag-pt","26":"tag-televisao","27":"tag-tudo","28":"tag-videos","29":"tag-wagner-moura"},"share_on_mastodon":{"url":"https:\/\/pubeurope.com\/@pt\/115893255684938393","error":""},"_links":{"self":[{"href":"https:\/\/www.europesays.com\/pt\/wp-json\/wp\/v2\/posts\/228177","targetHints":{"allow":["GET"]}}],"collection":[{"href":"https:\/\/www.europesays.com\/pt\/wp-json\/wp\/v2\/posts"}],"about":[{"href":"https:\/\/www.europesays.com\/pt\/wp-json\/wp\/v2\/types\/post"}],"author":[{"embeddable":true,"href":"https:\/\/www.europesays.com\/pt\/wp-json\/wp\/v2\/users\/2"}],"replies":[{"embeddable":true,"href":"https:\/\/www.europesays.com\/pt\/wp-json\/wp\/v2\/comments?post=228177"}],"version-history":[{"count":0,"href":"https:\/\/www.europesays.com\/pt\/wp-json\/wp\/v2\/posts\/228177\/revisions"}],"wp:featuredmedia":[{"embeddable":true,"href":"https:\/\/www.europesays.com\/pt\/wp-json\/wp\/v2\/media\/228178"}],"wp:attachment":[{"href":"https:\/\/www.europesays.com\/pt\/wp-json\/wp\/v2\/media?parent=228177"}],"wp:term":[{"taxonomy":"category","embeddable":true,"href":"https:\/\/www.europesays.com\/pt\/wp-json\/wp\/v2\/categories?post=228177"},{"taxonomy":"post_tag","embeddable":true,"href":"https:\/\/www.europesays.com\/pt\/wp-json\/wp\/v2\/tags?post=228177"}],"curies":[{"name":"wp","href":"https:\/\/api.w.org\/{rel}","templated":true}]}}