{"id":228179,"date":"2026-01-14T11:40:07","date_gmt":"2026-01-14T11:40:07","guid":{"rendered":"https:\/\/www.europesays.com\/pt\/228179\/"},"modified":"2026-01-14T11:40:07","modified_gmt":"2026-01-14T11:40:07","slug":"vitoria-ou-amor-a-prova-saiba-quem-liderou-quinto-canal","status":"publish","type":"post","link":"https:\/\/www.europesays.com\/pt\/228179\/","title":{"rendered":"\u00abVit\u00f3ria\u00bb ou \u00abAmor \u00e0 Prova\u00bb, saiba quem liderou! &#8211; Quinto Canal"},"content":{"rendered":"<ol>\n<li><a href=\"https:\/\/news.google.com\/rss\/articles\/CBMihAFBVV95cUxNQ3owanpxdkJRS1pVQUlTcm1mMTJ1bHJHNHBBSU1vOWNUa0xSUnl6bGxwNkwzT2ZyaGdONHI5c0RHa2kzVERKckJ2d3dibWJPclpTcnUxeTNkNzd1Y2VZdV9Mc2tyakh1SVJSb0xmUmZtUlMtYTJaa01pUE1qNXUzQ05RaWk?oc=5\" target=\"_blank\" rel=\"nofollow noopener\">\u00abVit\u00f3ria\u00bb ou \u00abAmor \u00e0 Prova\u00bb, saiba quem liderou!<\/a>&nbsp;&nbsp;Quinto Canal<\/li>\n<li><a href=\"https:\/\/news.google.com\/rss\/articles\/CBMigAFBVV95cUxPT1JIX1g4RVEzQTVXdTllQnFRNTlZWm8wU3pMOFlXc291VFpfNTJYOVZpY2FhUmN5WHpLbnpWMW04dW9KZ1ljNkdqbGtfTmZuSGxKUWE1bkxJMzVRR2pSanFNWkVNOWJkYTdhTVB6V1RFcTctYmdYYVpZV2VKeFRNVw?oc=5\" target=\"_blank\" rel=\"nofollow noopener\">\u00abVit\u00f3ria\u00bb volta a ser a novela mais vista<\/a>&nbsp;&nbsp;Quinto Canal<\/li>\n<li><a href=\"https:\/\/news.google.com\/rss\/articles\/CBMifkFVX3lxTE90eE1FM2NHRHpKeEIyQzd0UE5JV0dCNEItU3hjOGxrTW11OGNwQmpTLWZxUmlCYkRUQkhIY1h0SEdheEhmdU5HSDVCYWhud3h4WVhJNGNuVTBHQ2Itbm51OUlZSGJ4MGRjZnBZRmxnVU1rTVNJeVZzUnNXaWpGdw?oc=5\" target=\"_blank\" rel=\"nofollow noopener\">&#8220;Vit\u00f3ria&#8221; bate recorde e deixa TVI ainda mais atr\u00e1s<\/a>&nbsp;&nbsp;zapping-tv.com<\/li>\n<li><a href=\"https:\/\/news.google.com\/rss\/articles\/CBMikgFBVV95cUxQUVZUb2Q2ajNrRGhTSzVHS1JlZ3lkUmhjOHEyOFNmTW5lYjlTRFVYZGhCNEoyb3lWLXJQODlaU0hDNkQ5RTQ5SDNlMXFuWmJPYUY1eXR5Y1o4YTdNM0JWd2dELVJicXZ2bFkyUDJOdE5YUGN6MV9mdnNmQ25xMVhYSkF4WjFPaGJIa3ZwUUVvQllqQQ?oc=5\" target=\"_blank\" rel=\"nofollow noopener\">\u201cVit\u00f3ria\u201d faz frente a \u201c1\u00aa Companhia\u201d nas audi\u00eancias! Veja quanto fez<\/a>&nbsp;&nbsp;zapping-tv.com<\/li>\n<li><a href=\"https:\/\/news.google.com\/rss\/articles\/CBMid0FVX3lxTE5XWGU5OFdsMG1pdEgwMVRLMl9NdmpWRmRKWHJtZUxlSU13SzJtMi1haDdMeDhORnRFWmRCbDZjdGswd3FKT0toMWFtSnlEWVUyWWVkT05aZVRxRVZfNFdISGE5U1dKRklsUWItTkJjMnVmaUU5d2lV?oc=5\" target=\"_blank\" rel=\"nofollow noopener\">&#8220;Vit\u00f3ria&#8221; recua e v\u00ea concorr\u00eancia aproximar-se<\/a>&nbsp;&nbsp;zapping-tv.com<\/li>\n<\/ol>\n","protected":false},"excerpt":{"rendered":"\u00abVit\u00f3ria\u00bb ou \u00abAmor \u00e0 Prova\u00bb, saiba quem liderou!&nbsp;&nbsp;Quinto Canal \u00abVit\u00f3ria\u00bb volta a ser a novela mais vista&nbsp;&nbsp;Quinto Canal&hellip;\n","protected":false},"author":2,"featured_media":228180,"comment_status":"","ping_status":"","sticky":false,"template":"","format":"standard","meta":{"footnotes":""},"categories":[142],"tags":[17049,805,114,115,32,33,151,1698],"class_list":{"0":"post-228179","1":"post","2":"type-post","3":"status-publish","4":"format-standard","5":"has-post-thumbnail","7":"category-tv","8":"tag-amor-a-prova","9":"tag-audiencias","10":"tag-entertainment","11":"tag-entretenimento","12":"tag-portugal","13":"tag-pt","14":"tag-tv","15":"tag-vitoria"},"share_on_mastodon":{"url":"https:\/\/pubeurope.com\/@pt\/115893267593797997","error":""},"_links":{"self":[{"href":"https:\/\/www.europesays.com\/pt\/wp-json\/wp\/v2\/posts\/228179","targetHints":{"allow":["GET"]}}],"collection":[{"href":"https:\/\/www.europesays.com\/pt\/wp-json\/wp\/v2\/posts"}],"about":[{"href":"https:\/\/www.europesays.com\/pt\/wp-json\/wp\/v2\/types\/post"}],"author":[{"embeddable":true,"href":"https:\/\/www.europesays.com\/pt\/wp-json\/wp\/v2\/users\/2"}],"replies":[{"embeddable":true,"href":"https:\/\/www.europesays.com\/pt\/wp-json\/wp\/v2\/comments?post=228179"}],"version-history":[{"count":0,"href":"https:\/\/www.europesays.com\/pt\/wp-json\/wp\/v2\/posts\/228179\/revisions"}],"wp:featuredmedia":[{"embeddable":true,"href":"https:\/\/www.europesays.com\/pt\/wp-json\/wp\/v2\/media\/228180"}],"wp:attachment":[{"href":"https:\/\/www.europesays.com\/pt\/wp-json\/wp\/v2\/media?parent=228179"}],"wp:term":[{"taxonomy":"category","embeddable":true,"href":"https:\/\/www.europesays.com\/pt\/wp-json\/wp\/v2\/categories?post=228179"},{"taxonomy":"post_tag","embeddable":true,"href":"https:\/\/www.europesays.com\/pt\/wp-json\/wp\/v2\/tags?post=228179"}],"curies":[{"name":"wp","href":"https:\/\/api.w.org\/{rel}","templated":true}]}}