{"id":228187,"date":"2026-01-14T11:45:09","date_gmt":"2026-01-14T11:45:09","guid":{"rendered":"https:\/\/www.europesays.com\/pt\/228187\/"},"modified":"2026-01-14T11:45:09","modified_gmt":"2026-01-14T11:45:09","slug":"os-polemicos-sapatos-que-wagner-moura-usou-nos-globos-tem-uma-historia-de-seculos-nit","status":"publish","type":"post","link":"https:\/\/www.europesays.com\/pt\/228187\/","title":{"rendered":"Os pol\u00e9micos sapatos que Wagner Moura usou nos Globos t\u00eam uma hist\u00f3ria de s\u00e9culos \u2014 NiT"},"content":{"rendered":"<p>Wagner Moura foi um dos grandes destaques da 83.\u00aa edi\u00e7\u00e3o dos Globos de Ouro, que decorreu no passado domingo, 11 de janeiro, em Los Angeles, nos EUA. O ator brasileiro conseguiu o feito hist\u00f3rico de vencer o pr\u00e9mio de Melhor Ator em Filme de Drama, com \u201cO Agente Secreto\u201d, que tamb\u00e9m arrecadou o galard\u00e3o de Melhor Filme em L\u00edngua Estrangeira. No entanto, n\u00e3o foi apenas o discurso ou a distin\u00e7\u00e3o que deram que falar: o look escolhido pelo ator chamou igualmente a aten\u00e7\u00e3o, em especial os sapatos Tabi, uma escolha t\u00e3o ic\u00f3nica quanto pol\u00e9mica.<\/p>\n<p>Assinado pela Maison Margiela, o modelo com a divis\u00e3o entre os dedos \u2014 muitas vezes comparado a uma \u201cpata de camelo\u201d \u2014 continua a provocar debates sobre est\u00e9tica, identidade e moda. Para uns, \u00e9 uma afirma\u00e7\u00e3o art\u00edstica e de personalidade. Para outros, um detalhe dif\u00edcil de ignorar. Seja como for, n\u00e3o deixa ningu\u00e9m ficar indiferente. No site da Farfetch, a marca francesa tem um <a href=\"https:\/\/www.farfetch.com\/pt\/shopping\/women\/maison-margiela-tabi-lace-up-derby-shoes-item-20409502.aspx?storeid=9672\" target=\"_blank\" rel=\"nofollow noopener\">modelo<\/a> semelhante \u00e0 venda por 995\u20ac.<\/p>\n<p>Ao surgir nos Globos de Ouro com este modelo nos p\u00e9s, Wagner Moura n\u00e3o escolheu apenas um sapato \u2014 assumiu uma pe\u00e7a carregada de hist\u00f3ria, simbolismo e provoca\u00e7\u00e3o, provando que, mesmo num dos palcos mais formais de Hollywood, a moda continua a ser uma poderosa forma de express\u00e3o.<\/p>\n<p><img decoding=\"async\" loading=\"lazy\" class=\"wp-image-1565270\" src=\"https:\/\/www.europesays.com\/pt\/wp-content\/uploads\/2026\/01\/264ae40e40c3b821c367a284c0cbd595.jpg\" alt=\"\" width=\"570\" height=\"859\"  \/>O look de Wagner Moura.<\/p>\n<p>Apesar de hoje serem associados \u00e0 marca francesa, os Tabi (nome dado ao modelo) t\u00eam uma origem muito anterior ao que entendemos como sendo a moda ocidental da atualidade. O design surgiu no Jap\u00e3o, no s\u00e9culo XV. Inicialmente sob a forma de meias de algod\u00e3o usadas pela elite, distinguiam-se pela separa\u00e7\u00e3o do dedo grande dos restantes e funcionavam como s\u00edmbolo de estatuto. Com o passar do tempo, evolu\u00edram para vers\u00f5es mais pr\u00e1ticas e resistentes, adotadas tamb\u00e9m por trabalhadores.<\/p>\n<p>Foi apenas nos anos 80 que o modelo ganhou uma nova vida no universo da moda europeia. Martin Margiela apresentou as primeiras botas Tabi no desfile de estreia da sua marca, em Paris, em 1988.<\/p>\n<p>Na passarela do evento, as solas deixavam marcas vermelhas no ch\u00e3o branco \u2014 um gesto provocador que ajudou a fixar o modelo na mem\u00f3ria coletiva da ind\u00fastria. Desde ent\u00e3o, tornaram-se uma das cria\u00e7\u00f5es mais reconhec\u00edveis do designer de moda belga.<\/p>\n<p>Durante d\u00e9cadas, os Tabi oscilaram entre o culto \u201cunderground\u201d e o \u201cmainstream\u201d. Foram alvo de amor e \u00f3dio, apareceram nos p\u00e9s de celebridades e ganharam nova for\u00e7a com a ascens\u00e3o das redes sociais, sobretudo a partir dos anos 2010. Atualmente, existem em m\u00faltiplas vers\u00f5es \u2014 de botas a sapatilhas, sand\u00e1lias ou sabrinas \u2014 e continuam a dividir opini\u00f5es.<\/p>\n<p>Das passarelas para as ruas, os Tabi tornaram-se um verdadeiro s\u00edmbolo de irrever\u00eancia no street style. J\u00e1 foram vistos nos p\u00e9s de Dua Lipa, Zendaya, Rihanna, Kylie Jenner, Anya Taylor-Joy, Emma Chamberlain, Olivia Rodrigo e at\u00e9 Bad Bunny, provando que o modelo atravessa g\u00e9neros, estilos e gera\u00e7\u00f5es. Entre looks descontra\u00eddos, conjuntos oversized e produ\u00e7\u00f5es mais arrojadas, continuam a dividir opini\u00f5es \u2014 e \u00e9 precisamente a\u00ed que reside a sua for\u00e7a.<\/p>\n<p>Maison Margiela te vindo a refor\u00e7ar o estatuto emblem\u00e1tico do modelo ao longo dos tempos, levando-o a colabora\u00e7\u00f5es de peso. A mais recente juntou a silhueta Tabi \u00e0s ic\u00f3nicas solas vermelhas da marca Louboutin, numa cole\u00e7\u00e3o c\u00e1psula, lan\u00e7ada em mar\u00e7o de 2025, que voltou a colocar o cal\u00e7ado na boca do mundo.<\/p>\n<p><img decoding=\"async\" loading=\"lazy\" class=\"size-full wp-image-1565268\" src=\"https:\/\/www.europesays.com\/pt\/wp-content\/uploads\/2026\/01\/8000eb03102a89c5f7942e124319033f.jpg\" alt=\"\" width=\"1200\" height=\"800\"  \/>Maison Margiela x Louboutin.<\/p>\n","protected":false},"excerpt":{"rendered":"Wagner Moura foi um dos grandes destaques da 83.\u00aa edi\u00e7\u00e3o dos Globos de Ouro, que decorreu no passado&hellip;\n","protected":false},"author":2,"featured_media":228188,"comment_status":"","ping_status":"","sticky":false,"template":"","format":"standard","meta":{"footnotes":""},"categories":[85],"tags":[114,115,32,33],"class_list":{"0":"post-228187","1":"post","2":"type-post","3":"status-publish","4":"format-standard","5":"has-post-thumbnail","7":"category-entretenimento","8":"tag-entertainment","9":"tag-entretenimento","10":"tag-portugal","11":"tag-pt"},"share_on_mastodon":{"url":"https:\/\/pubeurope.com\/@pt\/115893287165529176","error":""},"_links":{"self":[{"href":"https:\/\/www.europesays.com\/pt\/wp-json\/wp\/v2\/posts\/228187","targetHints":{"allow":["GET"]}}],"collection":[{"href":"https:\/\/www.europesays.com\/pt\/wp-json\/wp\/v2\/posts"}],"about":[{"href":"https:\/\/www.europesays.com\/pt\/wp-json\/wp\/v2\/types\/post"}],"author":[{"embeddable":true,"href":"https:\/\/www.europesays.com\/pt\/wp-json\/wp\/v2\/users\/2"}],"replies":[{"embeddable":true,"href":"https:\/\/www.europesays.com\/pt\/wp-json\/wp\/v2\/comments?post=228187"}],"version-history":[{"count":0,"href":"https:\/\/www.europesays.com\/pt\/wp-json\/wp\/v2\/posts\/228187\/revisions"}],"wp:featuredmedia":[{"embeddable":true,"href":"https:\/\/www.europesays.com\/pt\/wp-json\/wp\/v2\/media\/228188"}],"wp:attachment":[{"href":"https:\/\/www.europesays.com\/pt\/wp-json\/wp\/v2\/media?parent=228187"}],"wp:term":[{"taxonomy":"category","embeddable":true,"href":"https:\/\/www.europesays.com\/pt\/wp-json\/wp\/v2\/categories?post=228187"},{"taxonomy":"post_tag","embeddable":true,"href":"https:\/\/www.europesays.com\/pt\/wp-json\/wp\/v2\/tags?post=228187"}],"curies":[{"name":"wp","href":"https:\/\/api.w.org\/{rel}","templated":true}]}}