{"id":228193,"date":"2026-01-14T11:49:09","date_gmt":"2026-01-14T11:49:09","guid":{"rendered":"https:\/\/www.europesays.com\/pt\/228193\/"},"modified":"2026-01-14T11:49:09","modified_gmt":"2026-01-14T11:49:09","slug":"bebe-e-crianca-entre-os-feridos-numa-colisao-na-a7","status":"publish","type":"post","link":"https:\/\/www.europesays.com\/pt\/228193\/","title":{"rendered":"Beb\u00e9 e crian\u00e7a entre os feridos numa colis\u00e3o na A7"},"content":{"rendered":"<p data-remotead-prev-elm=\"true\" data-remotead-elm-id=\"inread\">O acidente de via\u00e7\u00e3o ocorreu no sentido de Fafe para Cabeceiras de Basto, cerca das 20.20 horas, quando aparentemente o autom\u00f3vel entrou em despiste e colidiu com um cami\u00e3o, cujo condutor n\u00e3o sofreu qualquer ferimento, tendo sido assistido logo a seguir.<\/p>\n<p>Uma ambul\u00e2ncia dos Bombeiros Volunt\u00e1rios Cabeceirenses que ia a passar, com dois operacionais, parou logo para assistir os feridos, tendo sido refor\u00e7ados, de imediato, por sete operacionais, com duas ambul\u00e2ncias, dos Bombeiros Volunt\u00e1rios de Fafe.<\/p>\n<p>Depois de estabilizados ainda no local da ocorr\u00eancia, os quatro familiares feridos foram transportados para o Hospital de Nossa Senhora da Oliveira, em Guimar\u00e3es.<\/p>\n<p>A ocorr\u00eancia foi registada pela GNR de Braga e a Ascendi, prestou aux\u00edlio, sinalizando toda a zona envolvente.<\/p>\n","protected":false},"excerpt":{"rendered":"O acidente de via\u00e7\u00e3o ocorreu no sentido de Fafe para Cabeceiras de Basto, cerca das 20.20 horas, quando&hellip;\n","protected":false},"author":2,"featured_media":228194,"comment_status":"","ping_status":"","sticky":false,"template":"","format":"standard","meta":{"footnotes":""},"categories":[10],"tags":[59,27,28,24260,38719,55,15,16,14,25,26,21,22,12,13,19,20,32,23,24,33,17,18,29,30,31],"class_list":{"0":"post-228193","1":"post","2":"type-post","3":"status-publish","4":"format-standard","5":"has-post-thumbnail","7":"category-portugal","8":"tag-acidente","9":"tag-breaking-news","10":"tag-breakingnews","11":"tag-colisao","12":"tag-concelho-cabeceiras-de-basto","13":"tag-despiste","14":"tag-featured-news","15":"tag-featurednews","16":"tag-headlines","17":"tag-latest-news","18":"tag-latestnews","19":"tag-main-news","20":"tag-mainnews","21":"tag-news","22":"tag-noticias","23":"tag-noticias-principais","24":"tag-noticiasprincipais","25":"tag-portugal","26":"tag-principais-noticias","27":"tag-principaisnoticias","28":"tag-pt","29":"tag-top-stories","30":"tag-topstories","31":"tag-ultimas","32":"tag-ultimas-noticias","33":"tag-ultimasnoticias"},"share_on_mastodon":{"url":"https:\/\/pubeurope.com\/@pt\/115893303056291477","error":""},"_links":{"self":[{"href":"https:\/\/www.europesays.com\/pt\/wp-json\/wp\/v2\/posts\/228193","targetHints":{"allow":["GET"]}}],"collection":[{"href":"https:\/\/www.europesays.com\/pt\/wp-json\/wp\/v2\/posts"}],"about":[{"href":"https:\/\/www.europesays.com\/pt\/wp-json\/wp\/v2\/types\/post"}],"author":[{"embeddable":true,"href":"https:\/\/www.europesays.com\/pt\/wp-json\/wp\/v2\/users\/2"}],"replies":[{"embeddable":true,"href":"https:\/\/www.europesays.com\/pt\/wp-json\/wp\/v2\/comments?post=228193"}],"version-history":[{"count":0,"href":"https:\/\/www.europesays.com\/pt\/wp-json\/wp\/v2\/posts\/228193\/revisions"}],"wp:featuredmedia":[{"embeddable":true,"href":"https:\/\/www.europesays.com\/pt\/wp-json\/wp\/v2\/media\/228194"}],"wp:attachment":[{"href":"https:\/\/www.europesays.com\/pt\/wp-json\/wp\/v2\/media?parent=228193"}],"wp:term":[{"taxonomy":"category","embeddable":true,"href":"https:\/\/www.europesays.com\/pt\/wp-json\/wp\/v2\/categories?post=228193"},{"taxonomy":"post_tag","embeddable":true,"href":"https:\/\/www.europesays.com\/pt\/wp-json\/wp\/v2\/tags?post=228193"}],"curies":[{"name":"wp","href":"https:\/\/api.w.org\/{rel}","templated":true}]}}