{"id":22821,"date":"2025-08-09T21:09:12","date_gmt":"2025-08-09T21:09:12","guid":{"rendered":"https:\/\/www.europesays.com\/pt\/22821\/"},"modified":"2025-08-09T21:09:12","modified_gmt":"2025-08-09T21:09:12","slug":"filho-de-fernanda-serrano-e-pedro-miguel-ramos-conquista-conhecida-apresentadora-da-tvi-saiba-quem-e","status":"publish","type":"post","link":"https:\/\/www.europesays.com\/pt\/22821\/","title":{"rendered":"Filho de Fernanda Serrano e Pedro Miguel Ramos conquista conhecida apresentadora da TVI: saiba quem \u00e9!"},"content":{"rendered":"<p>Tendo constru\u00eddo um s\u00f3lido percurso enquanto DJ, Santiago Ramos, filho de\u00a0<a href=\"https:\/\/selfie.iol.pt\/famosos\/ricardo-pereira\/fernanda-serrano-de-volta-para-o-ex-esta-e-a-reacao-da-atriz\/20250520\/682c9e8bd34ef72ee446393d\" target=\"_blank\" wbo-id=\"47\" rel=\"nofollow noopener\">Fernanda Serrano<\/a>\u00a0e\u00a0<a href=\"https:\/\/selfie.iol.pt\/famosos\/laura-ramos\/fernanda-serrano-e-pedro-miguel-ramos-vivem-dia-unico-veja-as-fotos\/20250519\/682b3d92d34e3f0bae9e5dab\" target=\"_blank\" wbo-id=\"48\" rel=\"nofollow noopener\">Pedro Miguel Ramos<\/a>, j\u00e1 conquista tanto f\u00e3s an\u00f3nimos, como outros mais conhecidos.<\/p>\n<p>Prova disso \u00e9 uma partilha feita recentemente, no Instagram, pela m\u00e3e babada. &#8220;Ontem foi um dia cheio de sol, o meu Sol Santiago, que encheu o final de tarde com muita m\u00fasica e muitos sorrisos, com a fam\u00edlia de sempre e os muitos amigos que j\u00e1 construiu durante estes primeiros lindos 20 anos! Que o teu sorriso nos ilumine sempre assim! Amor e abra\u00e7os aqui nunca te faltar\u00e3o!&#8221;, declarou-se Fernanda Serrano na legenda de uma s\u00e9rie de fotografias da festa em que Santiago Ramos foi anfitri\u00e3o.<\/p>\n<p>E, na caixa de coment\u00e1rios, <a href=\"https:\/\/selfie.iol.pt\/famosos\/alice-alves\/alice-alves-revela-problema-de-saude\/20250805\/689227fed34ef72ee4491ed8\" target=\"_blank\" rel=\"nofollow noopener\">Alice Alves<\/a> mostrou-se conquistada pelo trabalho do filho de Fernanda Serrano. &#8220;Est\u00e3o de parab\u00e9ns, Fernanda Serrano!\u00a0J\u00e1 ouvi falar e muito bem do sucesso que faz. Quero ir \u00e0 pr\u00f3xima festa. Levo comigo a <a href=\"https:\/\/selfie.iol.pt\/famosos\/monica-jardim\/foi-dia-de-casamento-para-monica-jardim\/20250719\/687b48b9d34e3f0baea0b178\" target=\"_blank\" rel=\"nofollow noopener\">M\u00f3nica Jardim<\/a>!&#8221;, exclamou, mostrando, assim, que o jovem j\u00e1 conquistou, pelo menos, mais uma espetadora.<\/p>\n<p>Recorde-se que <a href=\"https:\/\/selfie.iol.pt\/famosos\/alice-alves\/filho-de-fernanda-serrano-e-pedro-miguel-ramos-conquista-conhecida-apresentadora-da-tvi-saiba-quem-e\/20250809\/689741cfd34e3f0baea173b0\" target=\"_blank\" rel=\"nofollow noopener\">Santiago Ramos lan\u00e7ou<\/a>, recentemente, o nome art\u00edstico\u00a0<a href=\"https:\/\/www.instagram.com\/yante.music\/\" target=\"_blank\" wbo-id=\"49\" rel=\"nofollow noopener\">YANT\u00cb<\/a>\u00a0e \u00e9 com essa nova identidade que tem animado noites de festa de norte a sul de Portugal.<\/p>\n<p>Veja, agora, as imagens partilhadas por Fernanda Serrano na galeria de fotografias que prepar\u00e1mos para si.<\/p>\n<p>                        <script async src=\"\/\/www.instagram.com\/embed.js\"><\/script><\/p>\n","protected":false},"excerpt":{"rendered":"Tendo constru\u00eddo um s\u00f3lido percurso enquanto DJ, Santiago Ramos, filho de\u00a0Fernanda Serrano\u00a0e\u00a0Pedro Miguel Ramos, j\u00e1 conquista tanto f\u00e3s&hellip;\n","protected":false},"author":2,"featured_media":22822,"comment_status":"","ping_status":"","sticky":false,"template":"","format":"standard","meta":{"footnotes":""},"categories":[85],"tags":[168,8113,3539,813,114,115,981,980,1408,1870,1015,150,619,32,33,1012,162],"class_list":{"0":"post-22821","1":"post","2":"type-post","3":"status-publish","4":"format-standard","5":"has-post-thumbnail","7":"category-entretenimento","8":"tag-a-protegida","9":"tag-alice-alves","10":"tag-apresentadora","11":"tag-atriz","12":"tag-entertainment","13":"tag-entretenimento","14":"tag-familia","15":"tag-famosos","16":"tag-fernanda-serrano","17":"tag-filhos","18":"tag-instagram","19":"tag-musica","20":"tag-nacional","21":"tag-portugal","22":"tag-pt","23":"tag-selfie","24":"tag-tvi"},"share_on_mastodon":{"url":"","error":""},"_links":{"self":[{"href":"https:\/\/www.europesays.com\/pt\/wp-json\/wp\/v2\/posts\/22821","targetHints":{"allow":["GET"]}}],"collection":[{"href":"https:\/\/www.europesays.com\/pt\/wp-json\/wp\/v2\/posts"}],"about":[{"href":"https:\/\/www.europesays.com\/pt\/wp-json\/wp\/v2\/types\/post"}],"author":[{"embeddable":true,"href":"https:\/\/www.europesays.com\/pt\/wp-json\/wp\/v2\/users\/2"}],"replies":[{"embeddable":true,"href":"https:\/\/www.europesays.com\/pt\/wp-json\/wp\/v2\/comments?post=22821"}],"version-history":[{"count":0,"href":"https:\/\/www.europesays.com\/pt\/wp-json\/wp\/v2\/posts\/22821\/revisions"}],"wp:featuredmedia":[{"embeddable":true,"href":"https:\/\/www.europesays.com\/pt\/wp-json\/wp\/v2\/media\/22822"}],"wp:attachment":[{"href":"https:\/\/www.europesays.com\/pt\/wp-json\/wp\/v2\/media?parent=22821"}],"wp:term":[{"taxonomy":"category","embeddable":true,"href":"https:\/\/www.europesays.com\/pt\/wp-json\/wp\/v2\/categories?post=22821"},{"taxonomy":"post_tag","embeddable":true,"href":"https:\/\/www.europesays.com\/pt\/wp-json\/wp\/v2\/tags?post=22821"}],"curies":[{"name":"wp","href":"https:\/\/api.w.org\/{rel}","templated":true}]}}