{"id":228229,"date":"2026-01-14T12:15:24","date_gmt":"2026-01-14T12:15:24","guid":{"rendered":"https:\/\/www.europesays.com\/pt\/228229\/"},"modified":"2026-01-14T12:15:24","modified_gmt":"2026-01-14T12:15:24","slug":"portugal-precisa-de-produtos-de-poupanca-rentaveis","status":"publish","type":"post","link":"https:\/\/www.europesays.com\/pt\/228229\/","title":{"rendered":"Portugal precisa de produtos de poupan\u00e7a rent\u00e1veis"},"content":{"rendered":"<p class=\"wp-caption-text top\">Rodrigo Antunes \/ LUSA<\/p>\n<p><img decoding=\"async\" loading=\"lazy\" class=\"size-kopa-image-size-3 wp-image-707803\" src=\"https:\/\/www.europesays.com\/pt\/wp-content\/uploads\/2026\/01\/941ff0978c30639c76fe1f02b4e9c633-783x450.jpg\" alt=\"\" width=\"700\" height=\"402\"  \/><\/p>\n<p class=\"wp-caption-text bot\">O ministro de Estado e das Finan\u00e7as, Joaquim Miranda Sarmento<\/p>\n<p><strong>Miranda Sarmento aponta a dimens\u00e3o intergeracional da poupan\u00e7a como um dos desafios do pa\u00eds. E tudo para promover a coes\u00e3o social.<\/strong><\/p>\n<p>O ministro das Finan\u00e7as, Joaquim <strong>Miranda Sarmento,<\/strong> defendeu a necessidade de assegurar que os produtos de poupan\u00e7a s\u00e3o rent\u00e1veis, apontando a dimens\u00e3o intergeracional da poupan\u00e7a como um dos desafios do pa\u00eds.<\/p>\n<p>Numa interven\u00e7\u00e3o no encerramento de uma confer\u00eancia promovida pela Autoridade de Supervis\u00e3o de Seguros e Fundos de Pens\u00f5es (ASF), em Lisboa, o ministro assumiu alguns desafios que o setor enfrenta, nomeadamente a <strong>\u201cdimens\u00e3o intergeracional da poupan\u00e7a\u201d<\/strong>, relevante \u201cnum pa\u00eds como Portugal\u201d.<\/p>\n<p>Miranda Sarmento afirmou que a promo\u00e7\u00e3o de \u201cinstrumentos de poupan\u00e7a adequados aos diferentes momentos da vida e aos diferentes perfis dos consumidores\u201d era necess\u00e1ria tamb\u00e9m para <strong>\u201cpromover a coes\u00e3o social\u201d<\/strong>.<\/p>\n<p>Assim, o governante defendeu que \u00e9 preciso \u201cgarantir que estes produtos s\u00e3o rent\u00e1veis\u201d, salientando que \u201cesta \u00e9 uma preocupa\u00e7\u00e3o partilhada com a Comiss\u00e3o Europeia, que aponta a baixa rentabilidade da generalidade dos produtos de poupan\u00e7a comercializados na Uni\u00e3o Europeia\u201d.<\/p>\n<p>\u201cQueremos incentivar o mercado a criar solu\u00e7\u00f5es de reforma em linha com os objetivos da Uni\u00e3o da Poupan\u00e7a e do Investimento\u201d, reiterou.<\/p>\n<p>Nesta interven\u00e7\u00e3o, o ministro salientou ainda que Portugal est\u00e1 \u201cnum momento de merecida e muito necess\u00e1ria estabilidade\u201d, tendo sido poss\u00edvel aplicar medidas, como a redu\u00e7\u00e3o de impostos, que dever\u00e3o ter continuidade este ano.<\/p>\n<p>    <a href=\"https:\/\/zap.aeiou.pt\/subscrever-newsletter\" data-wpel-link=\"internal\" rel=\"nofollow noopener\" target=\"_blank\">&#13;<br \/>\n        <img loading=\"lazy\" decoding=\"async\" class=\"aligncenter size-full wp-image-575475\" src=\"https:\/\/www.europesays.com\/pt\/wp-content\/uploads\/2025\/12\/1765389371_545_2d51fe4a0ba54894421ead1809309ed9-1-450x140.jpg\" alt=\"Subscreva a Newsletter ZAP\" width=\"450\" height=\"140\"\/>&#13;<br \/>\n    <\/a><\/p>\n<p>                <a href=\"https:\/\/whatsapp.com\/channel\/0029VaIC4EE2f3EJZPPSbR34\" data-wpel-link=\"external\" target=\"_blank\" rel=\"nofollow external noopener noreferrer\" class=\"ext-link\">&#13;<br \/>\n                    <img loading=\"lazy\" decoding=\"async\" class=\"aligncenter size-full wp-image-575475\" src=\"https:\/\/www.europesays.com\/pt\/wp-content\/uploads\/2025\/12\/1765389371_770_c68c559d956d4ca20f435ed74a6e71e6.png\" alt=\"Siga-nos no WhatsApp\" width=\"175\" height=\"64\"\/>&#13;<br \/>\n                <\/a><\/p>\n<p>                <a href=\"https:\/\/news.google.com\/publications\/CAAiEHRwZondIV71PDjWNoqMduEqFAgKIhB0cGaJ3SFe9Tw41jaKjHbh?hl=en-US&amp;gl=US&amp;ceid=US%3Aen\" data-wpel-link=\"external\" target=\"_blank\" rel=\"nofollow external noopener noreferrer\" class=\"ext-link\">&#13;<br \/>\n                    <img loading=\"lazy\" decoding=\"async\" class=\"aligncenter size-full wp-image-575475\" src=\"https:\/\/www.europesays.com\/pt\/wp-content\/uploads\/2025\/12\/1765389372_556_5123dd8b087b644fdb8f8603acd1bad4.png\" alt=\"Siga-nos no Google News\" width=\"176\" height=\"64\"\/>&#13;<br \/>\n                <\/a><\/p>\n","protected":false},"excerpt":{"rendered":"Rodrigo Antunes \/ LUSA O ministro de Estado e das Finan\u00e7as, Joaquim Miranda Sarmento Miranda Sarmento aponta a&hellip;\n","protected":false},"author":2,"featured_media":228230,"comment_status":"","ping_status":"","sticky":false,"template":"","format":"standard","meta":{"footnotes":""},"categories":[83],"tags":[88,476,89,90,31944,32,1361,33],"class_list":{"0":"post-228229","1":"post","2":"type-post","3":"status-publish","4":"format-standard","5":"has-post-thumbnail","7":"category-empresas","8":"tag-business","9":"tag-economia","10":"tag-economy","11":"tag-empresas","12":"tag-miranda-sarmento","13":"tag-portugal","14":"tag-poupanca","15":"tag-pt"},"share_on_mastodon":{"url":"https:\/\/pubeurope.com\/@pt\/115893405246204685","error":""},"_links":{"self":[{"href":"https:\/\/www.europesays.com\/pt\/wp-json\/wp\/v2\/posts\/228229","targetHints":{"allow":["GET"]}}],"collection":[{"href":"https:\/\/www.europesays.com\/pt\/wp-json\/wp\/v2\/posts"}],"about":[{"href":"https:\/\/www.europesays.com\/pt\/wp-json\/wp\/v2\/types\/post"}],"author":[{"embeddable":true,"href":"https:\/\/www.europesays.com\/pt\/wp-json\/wp\/v2\/users\/2"}],"replies":[{"embeddable":true,"href":"https:\/\/www.europesays.com\/pt\/wp-json\/wp\/v2\/comments?post=228229"}],"version-history":[{"count":0,"href":"https:\/\/www.europesays.com\/pt\/wp-json\/wp\/v2\/posts\/228229\/revisions"}],"wp:featuredmedia":[{"embeddable":true,"href":"https:\/\/www.europesays.com\/pt\/wp-json\/wp\/v2\/media\/228230"}],"wp:attachment":[{"href":"https:\/\/www.europesays.com\/pt\/wp-json\/wp\/v2\/media?parent=228229"}],"wp:term":[{"taxonomy":"category","embeddable":true,"href":"https:\/\/www.europesays.com\/pt\/wp-json\/wp\/v2\/categories?post=228229"},{"taxonomy":"post_tag","embeddable":true,"href":"https:\/\/www.europesays.com\/pt\/wp-json\/wp\/v2\/tags?post=228229"}],"curies":[{"name":"wp","href":"https:\/\/api.w.org\/{rel}","templated":true}]}}