{"id":228251,"date":"2026-01-14T12:35:17","date_gmt":"2026-01-14T12:35:17","guid":{"rendered":"https:\/\/www.europesays.com\/pt\/228251\/"},"modified":"2026-01-14T12:35:17","modified_gmt":"2026-01-14T12:35:17","slug":"solange-couto-apela-e-pede-ajuda-para-sonia-abrao-ilibada","status":"publish","type":"post","link":"https:\/\/www.europesays.com\/pt\/228251\/","title":{"rendered":"Solange Couto apela e pede ajuda para Sonia Abr\u00e3o: \u2018Ilibada\u2019"},"content":{"rendered":"<p>Antes de ser confinada, no<strong> <a href=\"https:\/\/observatoriodosfamosos.com.br\/tag\/bbb-26\" target=\"_blank\" rel=\"noopener nofollow\" title=\"BBB 26\">BBB 26<\/a><\/strong>, <strong>Solange Couto<\/strong> deixou gravado um v\u00eddeo para <strong>Sonia Abr\u00e3o<\/strong>, do <strong>A Tarde \u00c9 Sua<\/strong>. Elogiando ao m\u00e1ximo a apresentadora, a ex-global pediu ajuda a profissional.<\/p>\n<p>\u201cSonia Abr\u00e3o, minha querida, mulher que eu respeito, profissional ilibada, gente, como \u00e9 bom ouvir voc\u00ea, ver voc\u00ea, e eu sei o quanto voc\u00ea tamb\u00e9m me quer bem e respeita a minha hist\u00f3ria. E por isso eu tenho certeza que eu tamb\u00e9m posso contar com voc\u00ea porque voc\u00ea j\u00e1 sabe aonde \u00e9 que eu estou\u201d, come\u00e7ou.<\/p>\n<p><strong>LEIA AGORA<\/strong>: <a href=\"https:\/\/observatoriodosfamosos.com.br\/noticias\/no-bbb-26-aline-campos-faz-depoimento-chocante-sobre-assedio-apaguei\" target=\"_blank\" rel=\"noopener nofollow\" title=\"No BBB 26, Aline Campos faz depoimento chocante sobre ass\u00e9dio: \u2018Apaguei\u2019\">No BBB 26, Aline Campos faz depoimento chocante sobre ass\u00e9dio: \u2018Apaguei\u2019<\/a><\/p>\n<p>\u201cE se voc\u00ea j\u00e1 sabe onde \u00e9 que eu t\u00f4, sabe que eu preciso que voc\u00eas a\u00ed fora me joguem pra cima, esse \u2018up\u2019 necess\u00e1rio. Sonia, te amo\u201d, concluiu.<\/p>\n<p>Na rede social X, os internautas debocharam da atitude da veterana. \u201cCoitada, vai passar vergonha\u201d, \u201cA S\u00f4nia sendo a primeira a meter o pau nela\u201d, \u201cMico\u201d, \u201cMas j\u00e1 chegou se achando, viu? \u00c9 metida\u201d, dispararam.<\/p>\n<p>O post <a href=\"https:\/\/observatoriodosfamosos.com.br\/noticias\/bbb-26-solange-couto-apela-e-pede-ajuda-para-sonia-abrao-ilibada\" rel=\"nofollow noopener\" target=\"_blank\">BBB 26: Solange Couto apela e pede ajuda para Sonia Abr\u00e3o: \u2018Ilibada\u2019<\/a> foi publicado primeiro em <a href=\"https:\/\/observatoriodosfamosos.com.br\" rel=\"nofollow noopener\" target=\"_blank\">Observat\u00f3rio dos Famosos<\/a>.<\/p>\n","protected":false},"excerpt":{"rendered":"Antes de ser confinada, no BBB 26, Solange Couto deixou gravado um v\u00eddeo para Sonia Abr\u00e3o, do A&hellip;\n","protected":false},"author":2,"featured_media":228252,"comment_status":"","ping_status":"","sticky":false,"template":"","format":"standard","meta":{"footnotes":""},"categories":[145],"tags":[211,210,114,115,32,33],"class_list":{"0":"post-228251","1":"post","2":"type-post","3":"status-publish","4":"format-standard","5":"has-post-thumbnail","7":"category-celebridades","8":"tag-celebridades","9":"tag-celebrities","10":"tag-entertainment","11":"tag-entretenimento","12":"tag-portugal","13":"tag-pt"},"share_on_mastodon":{"url":"https:\/\/pubeurope.com\/@pt\/115893483768606226","error":""},"_links":{"self":[{"href":"https:\/\/www.europesays.com\/pt\/wp-json\/wp\/v2\/posts\/228251","targetHints":{"allow":["GET"]}}],"collection":[{"href":"https:\/\/www.europesays.com\/pt\/wp-json\/wp\/v2\/posts"}],"about":[{"href":"https:\/\/www.europesays.com\/pt\/wp-json\/wp\/v2\/types\/post"}],"author":[{"embeddable":true,"href":"https:\/\/www.europesays.com\/pt\/wp-json\/wp\/v2\/users\/2"}],"replies":[{"embeddable":true,"href":"https:\/\/www.europesays.com\/pt\/wp-json\/wp\/v2\/comments?post=228251"}],"version-history":[{"count":0,"href":"https:\/\/www.europesays.com\/pt\/wp-json\/wp\/v2\/posts\/228251\/revisions"}],"wp:featuredmedia":[{"embeddable":true,"href":"https:\/\/www.europesays.com\/pt\/wp-json\/wp\/v2\/media\/228252"}],"wp:attachment":[{"href":"https:\/\/www.europesays.com\/pt\/wp-json\/wp\/v2\/media?parent=228251"}],"wp:term":[{"taxonomy":"category","embeddable":true,"href":"https:\/\/www.europesays.com\/pt\/wp-json\/wp\/v2\/categories?post=228251"},{"taxonomy":"post_tag","embeddable":true,"href":"https:\/\/www.europesays.com\/pt\/wp-json\/wp\/v2\/tags?post=228251"}],"curies":[{"name":"wp","href":"https:\/\/api.w.org\/{rel}","templated":true}]}}