{"id":228256,"date":"2026-01-14T12:41:10","date_gmt":"2026-01-14T12:41:10","guid":{"rendered":"https:\/\/www.europesays.com\/pt\/228256\/"},"modified":"2026-01-14T12:41:10","modified_gmt":"2026-01-14T12:41:10","slug":"benfica-em-conversacoes-com-o-jpmorgan-para-financiar-remodelacao-do-estadio-da-luz-desporto","status":"publish","type":"post","link":"https:\/\/www.europesays.com\/pt\/228256\/","title":{"rendered":"Benfica em conversa\u00e7\u00f5es com o JPMorgan para financiar remodela\u00e7\u00e3o do Est\u00e1dio da Luz &#8211; Desporto"},"content":{"rendered":"<p class=\"\">&#13;<br \/>\n        O <b>Benfica est\u00e1 a sondar v\u00e1rios bancos, com o norte-americano JPMorgan Chase \u00e0 cabe\u00e7a, para obter o capital necess\u00e1rio para proceder \u00e0 remodela\u00e7\u00e3o do Est\u00e1dio da Luz<\/b> e \u00e0 concretiza\u00e7\u00e3o do <a href=\"https:\/\/www.jornaldenegocios.pt\/empresas\/desporto\/detalhe\/benfica-district-o-que-esta-em-causa\" target=\"_self\" rel=\"tag nofollow noopener\">projeto Benfica District<\/a>. &#13;\n    <\/p>\n<p class=\"\">&#13;<br \/>\n        A informa\u00e7\u00e3o \u00e9 avan\u00e7ada pela Bloomberg, que cita fontes pr\u00f3ximas \u00e0 negocia\u00e7\u00e3o. <b>As conversas entre o clube de futebol e o banco americano est\u00e3o ainda numa fase inicial<\/b>, segundo as mesmas fontes. Contactadas pela\u00a0ag\u00eancia de not\u00edcias financeiras, nenhuma das partes comentou a informa\u00e7\u00e3o avan\u00e7ada. N\u00e3o s\u00e3o revelados detalhes sobre os moldes do financiamento.&#13;\n    <\/p>\n<p class=\"\">&#13;<br \/>\n        A remodela\u00e7\u00e3o do Est\u00e1dio da Luz ter\u00e1 como principal objetivo <b>aumentar o n\u00famero de lugares dos atuais 68 mil para 80 mil<\/b>. Estas e outras mudan\u00e7as no est\u00e1dio ter\u00e3o um <b>custo de 75 milh\u00f5es de euros<\/b>, enquanto o projeto Benfica District \u2013 que prev\u00ea a requalifica\u00e7\u00e3o da zona envolvente do complexo desportivo \u2013 tem um <b>custo estimado de 220 milh\u00f5es de euros<\/b>.&#13;\n    <\/p>\n<p class=\"\">&#13;<br \/>\n        No in\u00edcio de janeiro, o <a href=\"https:\/\/www.record.pt\/futebol\/futebol-nacional\/liga-betclic\/benfica\/detalhe\/ag-do-benfica-em-direto-socios-votam-projeto-do-benfica-district\" target=\"_blank\" rel=\"tag nofollow noopener\">projeto Benfica District foi aprovado em assembleia geral com 59,24% votos a favor e 40,76% votos contra<\/a>.&#13;\n    <\/p>\n<p>75MILH\u00d5ES<\/p>\n<p>Valor, em euros, previsto para a remodela\u00e7\u00e3o do Est\u00e1dio da Luz<\/p>\n<p class=\"\">&#13;<br \/>\n        Nessa mesma assembleia, o presidente do Sport Lisboa e Benfica, Rui Costa, garantiu que o projeto \u00e9 &#8220;aut\u00f3nomo em termos de financiamento e que em nenhum momento ir\u00e1 comprometer&#8221; a capacidade de investimento nas diferentes equipas desportivas do clube encarnado.&#13;\n    <\/p>\n<p class=\"\">&#13;<br \/>\n        &#8220;Sobre o impacto financeiro, este projeto foi desenhado para ser autossustentado. As receitas v\u00e3o fazer o pagamento do financiamento do mesmo. Vai ter sempre um impacto positivo nas contas do Benfica. Espera-se uma receita bruta de 37 M\u20ac, retirando os custos de explora\u00e7\u00e3o do dia a dia do projeto. O prazo definido para 15 anos garante uma contribui\u00e7\u00e3o positiva&#8221;, disse Nuno Catarino, diretor financeiro do clube, no <a href=\"https:\/\/www.record.pt\/futebol\/futebol-nacional\/liga-betclic\/benfica\/detalhe\/nuno-catarino-e-o-benfica-district-vai-ter-sempre-um-impacto-positivo-nas-contas\" target=\"_blank\" rel=\"tag nofollow noopener\">in\u00edcio deste ano<\/a>.&#13;\n    <\/p>\n<p class=\"\">&#13;<br \/>\n        Apesar de um reduzido volume de negocia\u00e7\u00e3o, as a\u00e7\u00f5es do clube da Luz cediam 2,09% para os 6,56 euros por t\u00edtulo.&#13;\n    <\/p>\n","protected":false},"excerpt":{"rendered":"&#13; O Benfica est\u00e1 a sondar v\u00e1rios bancos, com o norte-americano JPMorgan Chase \u00e0 cabe\u00e7a, para obter o&hellip;\n","protected":false},"author":2,"featured_media":228257,"comment_status":"","ping_status":"","sticky":false,"template":"","format":"standard","meta":{"footnotes":""},"categories":[87],"tags":[135,279,41967,16648,32,33,40851,30923,134],"class_list":{"0":"post-228256","1":"post","2":"type-post","3":"status-publish","4":"format-standard","5":"has-post-thumbnail","7":"category-desporto","8":"tag-desporto","9":"tag-estadio-da-luz","10":"tag-jpmorgan-chase","11":"tag-milhoes","12":"tag-portugal","13":"tag-pt","14":"tag-rui-manuel-cesar-costa","15":"tag-sport-lisboa-e-benfica","16":"tag-sports"},"share_on_mastodon":{"url":"https:\/\/pubeurope.com\/@pt\/115893507698602870","error":""},"_links":{"self":[{"href":"https:\/\/www.europesays.com\/pt\/wp-json\/wp\/v2\/posts\/228256","targetHints":{"allow":["GET"]}}],"collection":[{"href":"https:\/\/www.europesays.com\/pt\/wp-json\/wp\/v2\/posts"}],"about":[{"href":"https:\/\/www.europesays.com\/pt\/wp-json\/wp\/v2\/types\/post"}],"author":[{"embeddable":true,"href":"https:\/\/www.europesays.com\/pt\/wp-json\/wp\/v2\/users\/2"}],"replies":[{"embeddable":true,"href":"https:\/\/www.europesays.com\/pt\/wp-json\/wp\/v2\/comments?post=228256"}],"version-history":[{"count":0,"href":"https:\/\/www.europesays.com\/pt\/wp-json\/wp\/v2\/posts\/228256\/revisions"}],"wp:featuredmedia":[{"embeddable":true,"href":"https:\/\/www.europesays.com\/pt\/wp-json\/wp\/v2\/media\/228257"}],"wp:attachment":[{"href":"https:\/\/www.europesays.com\/pt\/wp-json\/wp\/v2\/media?parent=228256"}],"wp:term":[{"taxonomy":"category","embeddable":true,"href":"https:\/\/www.europesays.com\/pt\/wp-json\/wp\/v2\/categories?post=228256"},{"taxonomy":"post_tag","embeddable":true,"href":"https:\/\/www.europesays.com\/pt\/wp-json\/wp\/v2\/tags?post=228256"}],"curies":[{"name":"wp","href":"https:\/\/api.w.org\/{rel}","templated":true}]}}