{"id":228266,"date":"2026-01-14T12:48:08","date_gmt":"2026-01-14T12:48:08","guid":{"rendered":"https:\/\/www.europesays.com\/pt\/228266\/"},"modified":"2026-01-14T12:48:08","modified_gmt":"2026-01-14T12:48:08","slug":"arbeloa-so-esta-no-real-madrid-porque-esta-sempre-a-falar-de-mourinho","status":"publish","type":"post","link":"https:\/\/www.europesays.com\/pt\/228266\/","title":{"rendered":"\u00abArbeloa s\u00f3 est\u00e1 no Real Madrid porque est\u00e1 sempre a falar de Mourinho\u00bb"},"content":{"rendered":"<p>\u00c1lvaro Arbeloa ainda nem se estreou como treinador do <a class=\"autolink-enabled\" data-resource-id=\"204\" data-resource-type=\"team\" data-sport=\"football\" href=\"https:\/\/www.abola.pt\/futebol\/real-madrid-204\" rel=\"nofollow noopener\" target=\"_blank\">Real Madrid<\/a> e j\u00e1 est\u00e1 a ser criticado.<\/p>\n<p>O antigo jogador, que orientava o Castilha, equipa secund\u00e1ria do gigante madrileno, e foi o escolhedio para suceder a Xabi Alonso n\u00e3o \u00e9 uma escolha consensual.<\/p>\n<p>Um dos que foi mais longe nas palavras sobre Arbeloa foi \u00d3scar Garc\u00eda, antigo jogador do <a class=\"autolink-enabled\" data-resource-id=\"205\" data-resource-type=\"team\" data-sport=\"football\" href=\"https:\/\/www.abola.pt\/futebol\/barcelona-205\" rel=\"nofollow noopener\" target=\"_blank\">Barcelona<\/a>, e atual treinador com passagens por clubes como Stade <a class=\"autolink-enabled\" data-resource-id=\"319\" data-resource-type=\"team\" data-sport=\"football\" href=\"https:\/\/www.abola.pt\/futebol\/reims-319\" rel=\"nofollow noopener\" target=\"_blank\">Reims<\/a>, <a class=\"autolink-enabled\" data-resource-id=\"212\" data-resource-type=\"team\" data-sport=\"football\" href=\"https:\/\/www.abola.pt\/futebol\/celta-de-vigo-212\" rel=\"nofollow noopener\" target=\"_blank\">Celta de Vigo<\/a> ou <a class=\"autolink-enabled\" data-resource-id=\"554\" data-resource-type=\"team\" data-sport=\"football\" href=\"https:\/\/www.abola.pt\/futebol\/olympiakos-554\" rel=\"nofollow noopener\" target=\"_blank\">Olympiakos<\/a> que justifica a escolha do antigo internacional espanhol para o cargo com\u2026 Jos\u00e9 Mourinho.<\/p>\n<p>\u00abArbeloa quer ser como Mourinho e a \u00fanica raz\u00e3o para agora ser treinador do Real Madrid \u00e9 que s\u00f3 fala de Mourinho\u00bb, declarou no programa \u2018Tot Costa\u2019, da R\u00e1dio Catalunha.<\/p>\n<p>De resto, Garc\u00eda considera que o Real Madrid fica a perder bastante com a troca entre os dois antigos jogadores. \u00abDo pouco que vi do Castilla, em termos t\u00e1ticos ele n\u00e3o chega aos calcanhares de Xabi Alonso\u00bb.<\/p>\n","protected":false},"excerpt":{"rendered":"\u00c1lvaro Arbeloa ainda nem se estreou como treinador do Real Madrid e j\u00e1 est\u00e1 a ser criticado. O&hellip;\n","protected":false},"author":2,"featured_media":228267,"comment_status":"","ping_status":"","sticky":false,"template":"","format":"standard","meta":{"footnotes":""},"categories":[8],"tags":[27,28,15,16,14,25,26,21,22,12,13,19,20,32,23,24,33,17,18,29,30,31],"class_list":{"0":"post-228266","1":"post","2":"type-post","3":"status-publish","4":"format-standard","5":"has-post-thumbnail","7":"category-principais-noticias","8":"tag-breaking-news","9":"tag-breakingnews","10":"tag-featured-news","11":"tag-featurednews","12":"tag-headlines","13":"tag-latest-news","14":"tag-latestnews","15":"tag-main-news","16":"tag-mainnews","17":"tag-news","18":"tag-noticias","19":"tag-noticias-principais","20":"tag-noticiasprincipais","21":"tag-portugal","22":"tag-principais-noticias","23":"tag-principaisnoticias","24":"tag-pt","25":"tag-top-stories","26":"tag-topstories","27":"tag-ultimas","28":"tag-ultimas-noticias","29":"tag-ultimasnoticias"},"share_on_mastodon":{"url":"https:\/\/pubeurope.com\/@pt\/115893534981293107","error":""},"_links":{"self":[{"href":"https:\/\/www.europesays.com\/pt\/wp-json\/wp\/v2\/posts\/228266","targetHints":{"allow":["GET"]}}],"collection":[{"href":"https:\/\/www.europesays.com\/pt\/wp-json\/wp\/v2\/posts"}],"about":[{"href":"https:\/\/www.europesays.com\/pt\/wp-json\/wp\/v2\/types\/post"}],"author":[{"embeddable":true,"href":"https:\/\/www.europesays.com\/pt\/wp-json\/wp\/v2\/users\/2"}],"replies":[{"embeddable":true,"href":"https:\/\/www.europesays.com\/pt\/wp-json\/wp\/v2\/comments?post=228266"}],"version-history":[{"count":0,"href":"https:\/\/www.europesays.com\/pt\/wp-json\/wp\/v2\/posts\/228266\/revisions"}],"wp:featuredmedia":[{"embeddable":true,"href":"https:\/\/www.europesays.com\/pt\/wp-json\/wp\/v2\/media\/228267"}],"wp:attachment":[{"href":"https:\/\/www.europesays.com\/pt\/wp-json\/wp\/v2\/media?parent=228266"}],"wp:term":[{"taxonomy":"category","embeddable":true,"href":"https:\/\/www.europesays.com\/pt\/wp-json\/wp\/v2\/categories?post=228266"},{"taxonomy":"post_tag","embeddable":true,"href":"https:\/\/www.europesays.com\/pt\/wp-json\/wp\/v2\/tags?post=228266"}],"curies":[{"name":"wp","href":"https:\/\/api.w.org\/{rel}","templated":true}]}}