{"id":228268,"date":"2026-01-14T12:49:11","date_gmt":"2026-01-14T12:49:11","guid":{"rendered":"https:\/\/www.europesays.com\/pt\/228268\/"},"modified":"2026-01-14T12:49:11","modified_gmt":"2026-01-14T12:49:11","slug":"eu-me-sentia-como-um-objeto-como-uma-escrava-as-acusacoes-de-abuso-sexual-que-levaram-o-cantor-julio-iglesias-a-ser-alvo-de-investigacao-na-espanha-bbc","status":"publish","type":"post","link":"https:\/\/www.europesays.com\/pt\/228268\/","title":{"rendered":"&#039;Eu me sentia como um objeto, como uma escrava&#039;: as acusa\u00e7\u00f5es de abuso sexual que levaram o cantor Julio Iglesias a ser alvo de investiga\u00e7\u00e3o na Espanha &#8211; BBC"},"content":{"rendered":"<ol>\n<li><a href=\"https:\/\/news.google.com\/rss\/articles\/CBMiYkFVX3lxTE40YjltMThJTkZvZ2U1MVpHenRlRUxMajdzUFVmQTJPLTRHcmlWSnF6cDl4aERSd2s1RFBxN2g0YzJvdkphY1BKTEdQdW5kem1BYUhPTzZqUW5JRTl4ZXV1ZGVn?oc=5\" target=\"_blank\" rel=\"nofollow noopener\">&#8216;Eu me sentia como um objeto, como uma escrava&#8217;: as acusa\u00e7\u00f5es de abuso sexual que levaram o cantor Julio Iglesias a ser alvo de investiga\u00e7\u00e3o na Espanha<\/a>&nbsp;&nbsp;BBC<\/li>\n<li><a href=\"https:\/\/news.google.com\/rss\/articles\/CBMinAFBVV95cUxPQTluVk9McWxGenN0aEtmeHp2a2ZLeG5OMWE1TDB5cTh3eGJLZzE1Ql9lanllMDZXLVpoZEllOTRRaUFBMHBBdXVkS2hwOUpYR2trUlp0ejA3dmNfTkRfdXFKZmNQVHk4aVNHdUthZ0prUXVwYmxkbURLZktGdmxWci1RNkRveTdmVU5TRW45ZEdrSGNaQ04zTVpYNnM?oc=5\" target=\"_blank\" rel=\"nofollow noopener\">Julio Iglesias \u00e9 acusado de ass\u00e9dio sexual por ex-funcion\u00e1rias<\/a>&nbsp;&nbsp;UOL<\/li>\n<li><a href=\"https:\/\/news.google.com\/rss\/articles\/CBMirwFBVV95cUxNVEZ4WS1rcWVkd2I2NU93cWMxNF95QXItcTRLNXg4bFBpWXlfOGJ6RzhqSFA0V0UtcjNaazNfWnR4a3JaNG1Bb3FtVTlrbmVUZXBOZHMyYVRuczZYQWdGeHVSQWdZRDJ5d01tYU9sQ3UtYnQtYVNLSkdaWVQzMVIwaE1PTjUwNTRnMDRXRFlQcWg4NVlVaVhPSFJzc3BVRHpwNnZ1a1FZU0dodUhCZExF?oc=5\" target=\"_blank\" rel=\"nofollow noopener\">Ex-funcion\u00e1rias denunciam Julio Iglesias por supostas agress\u00f5es sexuais<\/a>&nbsp;&nbsp;CartaCapital<\/li>\n<li><a href=\"https:\/\/news.google.com\/rss\/articles\/CBMirAFBVV95cUxPNmRqa0ZKY19RajZkTkx4UlRXR3NJQmx2R21aM0YwbnZScEZYLVQ3eTYyUDZfZU9LMEFzX3ZRV3BvaHJHNUlpRkNpbWdCMGFadDYyOUI5V2JWTGc4NnhoSklmQS0xbl9aOVFpQzlhVzI3TWRROWtvUWZaM204cG1iX1lQMGFnamVXNlVUR0tmMzZsVGJMN2daYUVUN2U2SThqZGstUElxdGRhand1?oc=5\" target=\"_blank\" rel=\"nofollow noopener\">Julio Iglesias \u00e9 acusado de tr\u00e1fico de pessoas e ass\u00e9dio sexual<\/a>&nbsp;&nbsp;VEJA<\/li>\n<li><a href=\"https:\/\/news.google.com\/rss\/articles\/CBMiywFBVV95cUxQa2N5bGdhV2RraWVoOUFMWUR5R0pHSWd0RVg0VW9mM3lFekdKWGV3TzJzdmw5MmtITXhiLU9HdjFwUHA4YUlYUnRWYjlpdlpDSkhPWklOYjNtRm5rMnE2REpVYTNWNU1OdlZla1FoR2dNRlB0cF9iTmZrZVN3UE1nUWVRckNiLUw4Rk40a3lkS2hzaXYxYlBmTzhla3k3cGJRalQ5QUxraUV6QUpfQlIwYU9nQnpmMldOYVVnNzFCUExsM1NKNUhLZmFuZw?oc=5\" target=\"_blank\" rel=\"nofollow noopener\">Julio Iglesias \u00e9 acusado de ass\u00e9dio sexual por ex-funcion\u00e1rias #ahoradavenenosa #shorts<\/a>&nbsp;&nbsp;R7<\/li>\n<\/ol>\n","protected":false},"excerpt":{"rendered":"&#8216;Eu me sentia como um objeto, como uma escrava&#8217;: as acusa\u00e7\u00f5es de abuso sexual que levaram o cantor&hellip;\n","protected":false},"author":2,"featured_media":225042,"comment_status":"","ping_status":"","sticky":false,"template":"","format":"standard","meta":{"footnotes":""},"categories":[145],"tags":[211,210,114,115,32,33],"class_list":{"0":"post-228268","1":"post","2":"type-post","3":"status-publish","4":"format-standard","5":"has-post-thumbnail","7":"category-celebridades","8":"tag-celebridades","9":"tag-celebrities","10":"tag-entertainment","11":"tag-entretenimento","12":"tag-portugal","13":"tag-pt"},"share_on_mastodon":{"url":"https:\/\/pubeurope.com\/@pt\/115893538824632780","error":""},"_links":{"self":[{"href":"https:\/\/www.europesays.com\/pt\/wp-json\/wp\/v2\/posts\/228268","targetHints":{"allow":["GET"]}}],"collection":[{"href":"https:\/\/www.europesays.com\/pt\/wp-json\/wp\/v2\/posts"}],"about":[{"href":"https:\/\/www.europesays.com\/pt\/wp-json\/wp\/v2\/types\/post"}],"author":[{"embeddable":true,"href":"https:\/\/www.europesays.com\/pt\/wp-json\/wp\/v2\/users\/2"}],"replies":[{"embeddable":true,"href":"https:\/\/www.europesays.com\/pt\/wp-json\/wp\/v2\/comments?post=228268"}],"version-history":[{"count":0,"href":"https:\/\/www.europesays.com\/pt\/wp-json\/wp\/v2\/posts\/228268\/revisions"}],"wp:featuredmedia":[{"embeddable":true,"href":"https:\/\/www.europesays.com\/pt\/wp-json\/wp\/v2\/media\/225042"}],"wp:attachment":[{"href":"https:\/\/www.europesays.com\/pt\/wp-json\/wp\/v2\/media?parent=228268"}],"wp:term":[{"taxonomy":"category","embeddable":true,"href":"https:\/\/www.europesays.com\/pt\/wp-json\/wp\/v2\/categories?post=228268"},{"taxonomy":"post_tag","embeddable":true,"href":"https:\/\/www.europesays.com\/pt\/wp-json\/wp\/v2\/tags?post=228268"}],"curies":[{"name":"wp","href":"https:\/\/api.w.org\/{rel}","templated":true}]}}