{"id":228272,"date":"2026-01-14T12:55:13","date_gmt":"2026-01-14T12:55:13","guid":{"rendered":"https:\/\/www.europesays.com\/pt\/228272\/"},"modified":"2026-01-14T12:55:13","modified_gmt":"2026-01-14T12:55:13","slug":"joao-almeida-e-muito-forte-mentalmente-ele-nunca-se-abala-jonas-vingegaard-analisa-duelo-com-o-portugues-no-proximo-giro-ditalia","status":"publish","type":"post","link":"https:\/\/www.europesays.com\/pt\/228272\/","title":{"rendered":"&#8220;Jo\u00e3o Almeida \u00e9 muito forte mentalmente, ele nunca se abala&#8221; Jonas Vingegaard analisa duelo com o portugu\u00eas no pr\u00f3ximo Giro d&#8217;Italia"},"content":{"rendered":"<p> &#13;<br \/>\n\t&#13;<br \/>\n\t\t\t\t&#13;<br \/>\n\t\t&#13;<br \/>\n\t\t&#13;<br \/>\n\t\t&#13;<br \/>\n&#13;<\/p>\n<p>&#8220;Jo\u00e3o Almeida \u00e9 muito forte mentalmente, ele nunca se abala&#8221; Jonas Vingegaard analisa duelo com o portugu\u00eas no pr\u00f3ximo Giro d&#8217;Italia<\/p>\n<p>&#13;<br \/>\n&#13;<br \/>\n&#13;<br \/>\n&#13;<br \/>\n&#13;<br \/>\n&#13;<br \/>\n&#13;<br \/>\n&#13;<br \/>\n&#13;<br \/>\n&#13;<\/p>\n<p>\t&#13;<br \/>\n&#13;<br \/>\n&#13;<\/p>\n<ul class=\"bf-breadcrumb-items\" itemscope=\"\" itemtype=\"http:\/\/schema.org\/BreadcrumbList\">\n<li itemprop=\"itemListElement\" itemscope=\"\" itemtype=\"http:\/\/schema.org\/ListItem\" class=\"bf-breadcrumb-item bf-breadcrumb-begin\"><a itemprop=\"item\" href=\"https:\/\/girodociclismo.com.br\" rel=\"home nofollow noopener\" target=\"_blank\">Home<\/a><\/li>\n<li itemprop=\"itemListElement\" itemscope=\"\" itemtype=\"http:\/\/schema.org\/ListItem\" class=\"bf-breadcrumb-item\"><a itemprop=\"item\" href=\"https:\/\/girodociclismo.com.br\/noticias\/\" rel=\"nofollow noopener\" target=\"_blank\">Not\u00edcias<\/a><\/li>\n<li itemprop=\"itemListElement\" itemscope=\"\" itemtype=\"http:\/\/schema.org\/ListItem\" class=\"bf-breadcrumb-item bf-breadcrumb-end\">\u201cJo\u00e3o Almeida \u00e9 muito forte mentalmente, ele nunca se abala\u201d Jonas Vingegaard analisa duelo com o portugu\u00eas no pr\u00f3ximo Giro d\u2019Italia<\/li>\n<\/ul>\n<p>\t\t&#13;<br \/>\n\t\t\t&#13;<br \/>\n\t&#13;<br \/>\n&#13;<\/p>\n<p>\t\t&#13;<\/p>\n<p>&#13;<br \/>\n&#13;<\/p>\n","protected":false},"excerpt":{"rendered":"&#13; &#13; &#13; &#13; &#13; &#13; &#13; &#8220;Jo\u00e3o Almeida \u00e9 muito forte mentalmente, ele nunca se abala&#8221; Jonas&hellip;\n","protected":false},"author":2,"featured_media":228273,"comment_status":"","ping_status":"","sticky":false,"template":"","format":"standard","meta":{"footnotes":""},"categories":[87],"tags":[135,32,33,134],"class_list":{"0":"post-228272","1":"post","2":"type-post","3":"status-publish","4":"format-standard","5":"has-post-thumbnail","7":"category-desporto","8":"tag-desporto","9":"tag-portugal","10":"tag-pt","11":"tag-sports"},"share_on_mastodon":{"url":"https:\/\/pubeurope.com\/@pt\/115893562482195803","error":""},"_links":{"self":[{"href":"https:\/\/www.europesays.com\/pt\/wp-json\/wp\/v2\/posts\/228272","targetHints":{"allow":["GET"]}}],"collection":[{"href":"https:\/\/www.europesays.com\/pt\/wp-json\/wp\/v2\/posts"}],"about":[{"href":"https:\/\/www.europesays.com\/pt\/wp-json\/wp\/v2\/types\/post"}],"author":[{"embeddable":true,"href":"https:\/\/www.europesays.com\/pt\/wp-json\/wp\/v2\/users\/2"}],"replies":[{"embeddable":true,"href":"https:\/\/www.europesays.com\/pt\/wp-json\/wp\/v2\/comments?post=228272"}],"version-history":[{"count":0,"href":"https:\/\/www.europesays.com\/pt\/wp-json\/wp\/v2\/posts\/228272\/revisions"}],"wp:featuredmedia":[{"embeddable":true,"href":"https:\/\/www.europesays.com\/pt\/wp-json\/wp\/v2\/media\/228273"}],"wp:attachment":[{"href":"https:\/\/www.europesays.com\/pt\/wp-json\/wp\/v2\/media?parent=228272"}],"wp:term":[{"taxonomy":"category","embeddable":true,"href":"https:\/\/www.europesays.com\/pt\/wp-json\/wp\/v2\/categories?post=228272"},{"taxonomy":"post_tag","embeddable":true,"href":"https:\/\/www.europesays.com\/pt\/wp-json\/wp\/v2\/tags?post=228272"}],"curies":[{"name":"wp","href":"https:\/\/api.w.org\/{rel}","templated":true}]}}