{"id":228279,"date":"2026-01-14T13:01:08","date_gmt":"2026-01-14T13:01:08","guid":{"rendered":"https:\/\/www.europesays.com\/pt\/228279\/"},"modified":"2026-01-14T13:01:08","modified_gmt":"2026-01-14T13:01:08","slug":"ao-minuto-montenegro-faria-um-servico-a-nacao-e-numero-politico","status":"publish","type":"post","link":"https:\/\/www.europesays.com\/pt\/228279\/","title":{"rendered":"AO MINUTO: Montenegro &#8220;faria um servi\u00e7o \u00e0 Na\u00e7\u00e3o&#8221;; &#8220;\u00c9 n\u00famero pol\u00edtico&#8221;"},"content":{"rendered":"<p>Ap\u00f3s ter <a href=\"https:\/\/www.noticiasaominuto.com\/politica\/2919030\/cotrim-escreve-a-montenegro-a-pedir-apoio-do-psd-venho-apelar-ao-voto\" target=\"_blank\" rel=\"noopener nofollow\">enviado uma carta a Lu\u00eds Montenegro<\/a> a pedir que o PSD deixasse de apoiar Lu\u00eds Marques Mendes para o apoiar a si na corrida a Bel\u00e9m, Jo\u00e3o Cotrim de Figueiredo asseverou que &#8220;cada vez mais portugueses j\u00e1 perceberam que s\u00f3 h\u00e1 tr\u00eas candidaturas com possibilidade de chegar \u00e0 segunda volta: Ant\u00f3nio Jos\u00e9 Seguro, Andr\u00e9 Ventura e eu pr\u00f3prio&#8221;.<\/p>\n<p>&#8220;E pergunto aos portugueses que n\u00e3o querem ter uma escolha entre Andr\u00e9 Ventura e Ant\u00f3nio Jos\u00e9 Seguro na segunda volta como \u00e9 que h\u00e3o-de fazer. V\u00e3o concentrar o voto em mim&#8221;, assinalou, numa a\u00e7\u00e3o de campanha, esta manh\u00e3, em Montemor-o-Novo.<\/p>\n<p>&#8220;O que estou a tentar fazer \u00e9 consciencializar o primeiro-ministro. Como o pr\u00f3prio disse h\u00e1 umas semanas: Isto n\u00e3o \u00e9 uma brincadeira. Se n\u00e3o quer esse risco &#8211; ter Seguro na Presid\u00eancia da Rep\u00fablica ou essa escolha entre Seguro e Ventura -, deve, ele pr\u00f3prio, recomendar o voto na minha candidatura&#8221;, afirmou Cotrim de Figueiredo.<\/p>\n<p>At\u00e9 porque, considerou, &#8220;sem menosprezo pelo trabalho e pelo m\u00e9rito que Marques Mendes teve na sua candidatura&#8221;, \u00e9 &#8220;\u00f3bvio que n\u00e3o vai conseguir l\u00e1 chegar&#8221;.<\/p>\n<p>Para o liberal, &#8220;os portugueses n\u00e3o podem ficar confrontados com uma escolha entre Ant\u00f3nio Jos\u00e9 Seguro e Andr\u00e9 Ventura na segunda volta&#8221;, e, deste modo, &#8220;o senhor presidente do PSD faria um servi\u00e7o \u00e0 Na\u00e7\u00e3o se recomendasse o voto na minha candidatura&#8221;.<\/p>\n","protected":false},"excerpt":{"rendered":"Ap\u00f3s ter enviado uma carta a Lu\u00eds Montenegro a pedir que o PSD deixasse de apoiar Lu\u00eds Marques&hellip;\n","protected":false},"author":2,"featured_media":228280,"comment_status":"","ping_status":"","sticky":false,"template":"","format":"standard","meta":{"footnotes":""},"categories":[10],"tags":[27,28,15,16,14,25,26,21,22,12,13,19,20,32,23,24,33,17,18,29,30,31],"class_list":{"0":"post-228279","1":"post","2":"type-post","3":"status-publish","4":"format-standard","5":"has-post-thumbnail","7":"category-portugal","8":"tag-breaking-news","9":"tag-breakingnews","10":"tag-featured-news","11":"tag-featurednews","12":"tag-headlines","13":"tag-latest-news","14":"tag-latestnews","15":"tag-main-news","16":"tag-mainnews","17":"tag-news","18":"tag-noticias","19":"tag-noticias-principais","20":"tag-noticiasprincipais","21":"tag-portugal","22":"tag-principais-noticias","23":"tag-principaisnoticias","24":"tag-pt","25":"tag-top-stories","26":"tag-topstories","27":"tag-ultimas","28":"tag-ultimas-noticias","29":"tag-ultimasnoticias"},"share_on_mastodon":{"url":"https:\/\/pubeurope.com\/@pt\/115893586083270155","error":""},"_links":{"self":[{"href":"https:\/\/www.europesays.com\/pt\/wp-json\/wp\/v2\/posts\/228279","targetHints":{"allow":["GET"]}}],"collection":[{"href":"https:\/\/www.europesays.com\/pt\/wp-json\/wp\/v2\/posts"}],"about":[{"href":"https:\/\/www.europesays.com\/pt\/wp-json\/wp\/v2\/types\/post"}],"author":[{"embeddable":true,"href":"https:\/\/www.europesays.com\/pt\/wp-json\/wp\/v2\/users\/2"}],"replies":[{"embeddable":true,"href":"https:\/\/www.europesays.com\/pt\/wp-json\/wp\/v2\/comments?post=228279"}],"version-history":[{"count":0,"href":"https:\/\/www.europesays.com\/pt\/wp-json\/wp\/v2\/posts\/228279\/revisions"}],"wp:featuredmedia":[{"embeddable":true,"href":"https:\/\/www.europesays.com\/pt\/wp-json\/wp\/v2\/media\/228280"}],"wp:attachment":[{"href":"https:\/\/www.europesays.com\/pt\/wp-json\/wp\/v2\/media?parent=228279"}],"wp:term":[{"taxonomy":"category","embeddable":true,"href":"https:\/\/www.europesays.com\/pt\/wp-json\/wp\/v2\/categories?post=228279"},{"taxonomy":"post_tag","embeddable":true,"href":"https:\/\/www.europesays.com\/pt\/wp-json\/wp\/v2\/tags?post=228279"}],"curies":[{"name":"wp","href":"https:\/\/api.w.org\/{rel}","templated":true}]}}