{"id":228291,"date":"2026-01-14T13:09:25","date_gmt":"2026-01-14T13:09:25","guid":{"rendered":"https:\/\/www.europesays.com\/pt\/228291\/"},"modified":"2026-01-14T13:09:25","modified_gmt":"2026-01-14T13:09:25","slug":"sporting-confirma-morte-do-antigo-jogador-ali-hassan","status":"publish","type":"post","link":"https:\/\/www.europesays.com\/pt\/228291\/","title":{"rendered":"Sporting confirma morte do antigo jogador Ali Hassan"},"content":{"rendered":"<p>O antigo m\u00e9dio &#8216;leonino&#8217;, que posteriormente fez carreira como treinador e comentador televisivo, estava internado e induzido em coma h\u00e1 alguns dias.<\/p>\n<p>&#8220;O Sporting Clube de Portugal manifesta o seu profundo pesar pelo falecimento do seu ex-futebolista Ali Hassan. Aos familiares, amigos e a todos os que com ele partilharam a vida, o clube endere\u00e7a as mais sentidas condol\u00eancias, prestando homenagem \u00e0 sua mem\u00f3ria e ao seu contributo enquanto atleta de le\u00e3o ao peito&#8221;, reagiu o emblema de Alvalade, no seu s\u00edtio oficial na Internet.<\/p>\n<p>Ali Mahomed Hassa iniciou a carreira no Grupo Desportivo Maputo, no qual se destacou e foi escolhido para fazer testes no Benfica, acabando, no entanto, por assinar pelo Sporting.<\/p>\n<p>Posteriormente, vestiu as camisolas de Vit\u00f3ria de Set\u00fabal (1991\/92), Amora (1992\/93), Acad\u00e9mico de Viseu (1993 a 1995) e Torres Novas (1995\/96).<\/p>\n<p>Regressaria a Mo\u00e7ambique, onde assumiu as fun\u00e7\u00f5es de treinador de futebol, tendo estado sete anos no comando t\u00e9cnico da Liga Desportiva de Maputo, antes de orientar o Grupo Desportivo Mahafil.<\/p>\n<p>                                                    <img decoding=\"async\" height=\"640\" with=\"360\" src=\"https:\/\/www.europesays.com\/pt\/wp-content\/uploads\/2026\/01\/naom_694ee8f5eeea5.jpg\" border=\"0\" alt=\"Sporting volta aos treinos e Rui Borges conta com regresso de 'peso'\"\/><\/p>\n<p>Ousmane Diomande, que esteve ao servi\u00e7o da sele\u00e7\u00e3o da Costa do Marfim na Ta\u00e7a das Na\u00e7\u00f5es Africanas (CAN), voltou esta ter\u00e7a-feira \u00e0 Academia Cristiano Ronaldo, em Alcochete, e corre para ser op\u00e7\u00e3o com o Casa Pia.<\/p>\n<p>                                                     Rodrigo Querido | 17:36 &#8211; 13\/01\/2026 <\/p>\n","protected":false},"excerpt":{"rendered":"O antigo m\u00e9dio &#8216;leonino&#8217;, que posteriormente fez carreira como treinador e comentador televisivo, estava internado e induzido em&hellip;\n","protected":false},"author":2,"featured_media":228292,"comment_status":"","ping_status":"","sticky":false,"template":"","format":"standard","meta":{"footnotes":""},"categories":[87],"tags":[135,32,33,134],"class_list":{"0":"post-228291","1":"post","2":"type-post","3":"status-publish","4":"format-standard","5":"has-post-thumbnail","7":"category-desporto","8":"tag-desporto","9":"tag-portugal","10":"tag-pt","11":"tag-sports"},"share_on_mastodon":{"url":"https:\/\/pubeurope.com\/@pt\/115893617819146000","error":""},"_links":{"self":[{"href":"https:\/\/www.europesays.com\/pt\/wp-json\/wp\/v2\/posts\/228291","targetHints":{"allow":["GET"]}}],"collection":[{"href":"https:\/\/www.europesays.com\/pt\/wp-json\/wp\/v2\/posts"}],"about":[{"href":"https:\/\/www.europesays.com\/pt\/wp-json\/wp\/v2\/types\/post"}],"author":[{"embeddable":true,"href":"https:\/\/www.europesays.com\/pt\/wp-json\/wp\/v2\/users\/2"}],"replies":[{"embeddable":true,"href":"https:\/\/www.europesays.com\/pt\/wp-json\/wp\/v2\/comments?post=228291"}],"version-history":[{"count":0,"href":"https:\/\/www.europesays.com\/pt\/wp-json\/wp\/v2\/posts\/228291\/revisions"}],"wp:featuredmedia":[{"embeddable":true,"href":"https:\/\/www.europesays.com\/pt\/wp-json\/wp\/v2\/media\/228292"}],"wp:attachment":[{"href":"https:\/\/www.europesays.com\/pt\/wp-json\/wp\/v2\/media?parent=228291"}],"wp:term":[{"taxonomy":"category","embeddable":true,"href":"https:\/\/www.europesays.com\/pt\/wp-json\/wp\/v2\/categories?post=228291"},{"taxonomy":"post_tag","embeddable":true,"href":"https:\/\/www.europesays.com\/pt\/wp-json\/wp\/v2\/tags?post=228291"}],"curies":[{"name":"wp","href":"https:\/\/api.w.org\/{rel}","templated":true}]}}