{"id":228305,"date":"2026-01-14T13:20:07","date_gmt":"2026-01-14T13:20:07","guid":{"rendered":"https:\/\/www.europesays.com\/pt\/228305\/"},"modified":"2026-01-14T13:20:07","modified_gmt":"2026-01-14T13:20:07","slug":"vem-ai-em-terra-forte-cobra-chateia-se-com-caio-e-o-acordo-fica-por-um-fio-novelas","status":"publish","type":"post","link":"https:\/\/www.europesays.com\/pt\/228305\/","title":{"rendered":"Vem a\u00ed em \u00abTerra Forte\u00bb: Cobra chateia-se com Caio e o acordo fica por um fio &#8211; Novelas"},"content":{"rendered":"<p>Em \u00abTerra Forte\u00bb, <a href=\"https:\/\/tvi.iol.pt\/novelas\/videos\/terra-forte-maria-de-fatima-e-cobra-sao-cumplices-em-varios-crimes\/6900dcc00cf29d28d82991f2\" rel=\"nofollow noopener\" target=\"_blank\">Cobra (Ricardo Burgos)<\/a>\u00a0diz a <a href=\"https:\/\/tvi.iol.pt\/novelas\/videos\/terra-forte-caio-deixa-maria-de-fatima-rendida\/695bfd530cf28fe4304aaf39\" rel=\"nofollow noopener\" target=\"_blank\">Caio (Bruno Cabrerizo)<\/a> estar na altura certa de ele seduzir <strong data-end=\"1290\" data-start=\"1220\"><a href=\"https:\/\/tvi.iol.pt\/novelas\/ator\/maria-de-fatima\/68ee548bd34ee0c2fed13d9c\" rel=\"nofollow noopener\" target=\"_blank\">Maria de F\u00e1tima (Rita Pereira)<\/a>\u00a0<\/strong>por ela estar insegura em poder perder <a href=\"https:\/\/tvi.iol.pt\/novelas\/videos\/terra-forte-sammy-fica-sem-chao-ao-descobrir-que-flor-e-a-mae-de-rosinha\/68f7b83e0cf29d28d8297a75\" rel=\"nofollow noopener\" target=\"_blank\">Sammy (Jos\u00e9 Fidalgo)<\/a>, contando que ela anda a receber mensagens an\u00f3nimas a avis\u00e1-la para a possibilidade de isso acontecer.<\/p>\n<p>Caio recrimina Cobra por estar a fazer Maria de F\u00e1tima sofrer ao querer aproveitar a fragilidade dela de ser tra\u00edda pelo marido, dizendo que ela n\u00e3o merece isso por ser algu\u00e9m que lutou muito para chegar onde chegou. Cobra, desagradado com aquele discurso, diz a Caio querer acabar com aquele acordo que fizeram.<\/p>\n<p>Recorde o acordo:<\/p>\n","protected":false},"excerpt":{"rendered":"Em \u00abTerra Forte\u00bb, Cobra (Ricardo Burgos)\u00a0diz a Caio (Bruno Cabrerizo) estar na altura certa de ele seduzir Maria&hellip;\n","protected":false},"author":2,"featured_media":228306,"comment_status":"","ping_status":"","sticky":false,"template":"","format":"standard","meta":{"footnotes":""},"categories":[142],"tags":[160,41096,3371,12623,166,114,115,157,167,164,161,158,165,159,32,33,156,31381,18614,163,151,162],"class_list":{"0":"post-228305","1":"post","2":"type-post","3":"status-publish","4":"format-standard","5":"has-post-thumbnail","7":"category-tv","8":"tag-ana-guiomar","9":"tag-bruno-cabrerizo","10":"tag-caio","11":"tag-cobra","12":"tag-cristina-ferreira","13":"tag-entertainment","14":"tag-entretenimento","15":"tag-festa-e-festa","16":"tag-ficcao","17":"tag-jose-fidalgo","18":"tag-novelas","19":"tag-para-sempre","20":"tag-pedro-sousa","21":"tag-pedro-teixeira","22":"tag-portugal","23":"tag-pt","24":"tag-queridos-papas","25":"tag-ricardo-burgos","26":"tag-terra-forte","27":"tag-tiago-teotonio-pereira","28":"tag-tv","29":"tag-tvi"},"share_on_mastodon":{"url":"https:\/\/pubeurope.com\/@pt\/115893660891799455","error":""},"_links":{"self":[{"href":"https:\/\/www.europesays.com\/pt\/wp-json\/wp\/v2\/posts\/228305","targetHints":{"allow":["GET"]}}],"collection":[{"href":"https:\/\/www.europesays.com\/pt\/wp-json\/wp\/v2\/posts"}],"about":[{"href":"https:\/\/www.europesays.com\/pt\/wp-json\/wp\/v2\/types\/post"}],"author":[{"embeddable":true,"href":"https:\/\/www.europesays.com\/pt\/wp-json\/wp\/v2\/users\/2"}],"replies":[{"embeddable":true,"href":"https:\/\/www.europesays.com\/pt\/wp-json\/wp\/v2\/comments?post=228305"}],"version-history":[{"count":0,"href":"https:\/\/www.europesays.com\/pt\/wp-json\/wp\/v2\/posts\/228305\/revisions"}],"wp:featuredmedia":[{"embeddable":true,"href":"https:\/\/www.europesays.com\/pt\/wp-json\/wp\/v2\/media\/228306"}],"wp:attachment":[{"href":"https:\/\/www.europesays.com\/pt\/wp-json\/wp\/v2\/media?parent=228305"}],"wp:term":[{"taxonomy":"category","embeddable":true,"href":"https:\/\/www.europesays.com\/pt\/wp-json\/wp\/v2\/categories?post=228305"},{"taxonomy":"post_tag","embeddable":true,"href":"https:\/\/www.europesays.com\/pt\/wp-json\/wp\/v2\/tags?post=228305"}],"curies":[{"name":"wp","href":"https:\/\/api.w.org\/{rel}","templated":true}]}}