{"id":228343,"date":"2026-01-14T13:45:09","date_gmt":"2026-01-14T13:45:09","guid":{"rendered":"https:\/\/www.europesays.com\/pt\/228343\/"},"modified":"2026-01-14T13:45:09","modified_gmt":"2026-01-14T13:45:09","slug":"daniel-oliveira-assume-o-fracasso-do-reality-show-de-julia-pinheiro-e-explica-o-que-aconteceu-estrelas","status":"publish","type":"post","link":"https:\/\/www.europesays.com\/pt\/228343\/","title":{"rendered":"Daniel Oliveira assume o fracasso do reality show de J\u00falia Pinheiro e explica o que aconteceu &#8211; Estrelas"},"content":{"rendered":"<p>O ano n\u00e3o terminou da melhor maneira para a SIC que teve que lidar com o fracasso de \u2018A Minha M\u00e3e com o Teu Pai\u2019, programa pelo qual Daniel Oliveira tinha bastante carinho. Depois de fazer v\u00e1rias mexidas e de o empurrar para as madrugadas, o diretor-geral de Entretenimento quebrou finalmente o sil\u00eancio sobre a aposta fracassada. <\/p>\n<p>        &#13;<\/p>\n<p>                        &#13;<br \/>\n                            <img decoding=\"async\" src=\"https:\/\/www.europesays.com\/pt\/wp-content\/uploads\/2026\/01\/img_220x220uu2025-12-21-19-43-08-400949-im-639019430976660710.jpg\" class=\"img_fluid\" loading=\"lazy\" alt=\"\"\/>&#13;<\/p>\n<p class=\"title\">Ler tamb\u00e9m<\/p>\n<p>                    <a href=\"https:\/\/www.tvguia.pt\/estrelas\/detalhe\/ja-nem-de-madrugada-daniel-oliveira-tira-reality-show-de-julia-pinheiro-do-ar-a-minha-mae-com-o-teu-pai-suspenso-da-sic\" class=\"streched_link\" title=\"\" content_list_position=\"1\" rel=\"nofollow noopener\" target=\"_blank\">J\u00e1 nem de madrugada! Daniel Oliveira tira reality show de J\u00falia Pinheiro do ar: A Minha M\u00e3e com o Teu Pai suspenso da SIC<\/a><\/p>\n<p>            &#13;<\/p>\n<p><b>\u201cFoi uma aposta que fizemos, que n\u00e3o correspondeu \u00e0quilo que esper\u00e1vamos\u201d<\/b>, come\u00e7ou por dizer. <b>\u201cEstamos sempre a testar e a aprender, e apostar num formato novo tem este risco. Pode haver um conjunto de fatores, mas acredito que as pessoas n\u00e3o aderiram\u201d<\/b>, adianta. <\/p>\n<p>        &#8220;Pode haver um conjunto de fatores, mas acredito que as pessoas n\u00e3o aderiram&#8221;<\/p>\n<p>daniel oliveira<\/p>\n<p>Ainda assim, o respons\u00e1vel, lembra que <b>\u201cnoutros pa\u00edses, [as pessoas] aderiram.\u201d<\/b> <b>\u201cPortanto, tem a ver com as especificidades no nosso mercado. H\u00e1 formatos que funcionam muito bem c\u00e1 e depois n\u00e3o funcionam noutros mercados. E, ao contr\u00e1rio o mesmo. Foi o caso. Vida que segue\u201d<\/b>, acabou por deixar escapar. <\/p>\n<p>        &#13;<\/p>\n<p>                        &#13;<br \/>\n                            <img decoding=\"async\" src=\"https:\/\/www.europesays.com\/pt\/wp-content\/uploads\/2026\/01\/img_220x220uu2025-10-03-23-39-34-395940.jpg\" class=\"img_fluid\" loading=\"lazy\" alt=\"\"\/>&#13;<\/p>\n<p class=\"title\">Ler tamb\u00e9m<\/p>\n<p>                    <a href=\"https:\/\/www.tvguia.pt\/estrelas\/detalhe\/sic-aposta-em-antigos-participantes-para-nova-edicao-do-casados-a-primeira-vista-apos-falhanco-do-reality-show-de-julia-pinheiro-saiba-quando-ira-estrear-o-formato\" class=\"streched_link\" title=\"\" content_list_position=\"2\" rel=\"nofollow noopener\" target=\"_blank\">SIC aposta em antigos participantes para nova edi\u00e7\u00e3o do Casados \u00e0 Primeira Vista ap\u00f3s falhan\u00e7o do reality show de J\u00falia Pinheiro: saiba quando ir\u00e1 estrear o formato<\/a><\/p>\n<p>            &#13;<\/p>\n<p>Saiba os detalhes sobre a nova programa\u00e7\u00e3o da SIC na edi\u00e7\u00e3o desta semana da revista<b> TV Guia<\/b>, j\u00e1 nas bancas\u00a0ou na vers\u00e3o digital,\u00a0<a href=\"https:\/\/assinaturas.xl.pt\/tv_guia\" rel=\"nofollow noopener\" target=\"_blank\">aqui<\/a>.\u00a0 \u00a0 \u00a0\u00a0<\/p>\n<p>            &#13;<br \/>\n                &#13;<br \/>\n&#13;<br \/>\n&#13;<br \/>\n    &#13;<br \/>\n&#13;<br \/>\n&#13;<\/p>\n","protected":false},"excerpt":{"rendered":"O ano n\u00e3o terminou da melhor maneira para a SIC que teve que lidar com o fracasso de&hellip;\n","protected":false},"author":2,"featured_media":228344,"comment_status":"","ping_status":"","sticky":false,"template":"","format":"standard","meta":{"footnotes":""},"categories":[145],"tags":[211,210,12776,114,115,31907,32,33,1751,218,40743],"class_list":{"0":"post-228343","1":"post","2":"type-post","3":"status-publish","4":"format-standard","5":"has-post-thumbnail","7":"category-celebridades","8":"tag-celebridades","9":"tag-celebrities","10":"tag-daniel-oliveira","11":"tag-entertainment","12":"tag-entretenimento","13":"tag-julia-pinheiro","14":"tag-portugal","15":"tag-pt","16":"tag-sic","17":"tag-televisao","18":"tag-tv-guia"},"share_on_mastodon":{"url":"https:\/\/pubeurope.com\/@pt\/115893759036451709","error":""},"_links":{"self":[{"href":"https:\/\/www.europesays.com\/pt\/wp-json\/wp\/v2\/posts\/228343","targetHints":{"allow":["GET"]}}],"collection":[{"href":"https:\/\/www.europesays.com\/pt\/wp-json\/wp\/v2\/posts"}],"about":[{"href":"https:\/\/www.europesays.com\/pt\/wp-json\/wp\/v2\/types\/post"}],"author":[{"embeddable":true,"href":"https:\/\/www.europesays.com\/pt\/wp-json\/wp\/v2\/users\/2"}],"replies":[{"embeddable":true,"href":"https:\/\/www.europesays.com\/pt\/wp-json\/wp\/v2\/comments?post=228343"}],"version-history":[{"count":0,"href":"https:\/\/www.europesays.com\/pt\/wp-json\/wp\/v2\/posts\/228343\/revisions"}],"wp:featuredmedia":[{"embeddable":true,"href":"https:\/\/www.europesays.com\/pt\/wp-json\/wp\/v2\/media\/228344"}],"wp:attachment":[{"href":"https:\/\/www.europesays.com\/pt\/wp-json\/wp\/v2\/media?parent=228343"}],"wp:term":[{"taxonomy":"category","embeddable":true,"href":"https:\/\/www.europesays.com\/pt\/wp-json\/wp\/v2\/categories?post=228343"},{"taxonomy":"post_tag","embeddable":true,"href":"https:\/\/www.europesays.com\/pt\/wp-json\/wp\/v2\/tags?post=228343"}],"curies":[{"name":"wp","href":"https:\/\/api.w.org\/{rel}","templated":true}]}}