{"id":228350,"date":"2026-01-14T13:51:34","date_gmt":"2026-01-14T13:51:34","guid":{"rendered":"https:\/\/www.europesays.com\/pt\/228350\/"},"modified":"2026-01-14T13:51:34","modified_gmt":"2026-01-14T13:51:34","slug":"neemias-queta-impressiona-mas-boston-celtics-sao-derrotados-na-viagem-a-indiana","status":"publish","type":"post","link":"https:\/\/www.europesays.com\/pt\/228350\/","title":{"rendered":"Neemias Queta impressiona mas Boston Celtics s\u00e3o derrotados na viagem a Indiana"},"content":{"rendered":"<p>&#8211; Advertisement &#8211;<\/p>\n<p>Na madrugada desta ter\u00e7a-feira, os Boston Celtics viajaram at\u00e9 Indiana para enfrentar os Pacers, a equipa com pior registo da Confer\u00eancia Este. Apesar da boa exibi\u00e7\u00e3o de Neemias Queta, a equipa da casa levou a melhor por 98-96.<\/p>\n<p>O poste portugu\u00eas apontou 15 pontos com 77% de efic\u00e1cia, oito ressaltos e duas assist\u00eancias. Foi tamb\u00e9m imponente na defesa, terminando com dois bloqueios de lan\u00e7amento e um roubo de bola. O esfor\u00e7o quase que foi suficiente para a vit\u00f3ria mas um floater de Paskal Siakam a seis segundos do fim selou a vit\u00f3ria.<\/p>\n<p>Com este resultado, os <a href=\"https:\/\/bolanarede.pt\/etiqueta\/boston-celtics\/\" target=\"_blank\" rel=\"noreferrer noopener nofollow\">Boston Celtics<\/a> ca\u00edram para o terceiro lugar da Confer\u00eancia Este com o registo de 24-15. \u00c0s 0h30 da pr\u00f3xima quinta-feira, recebem os Miami Heat.<\/p>\n<p>Acompanha a <a href=\"https:\/\/bolanarede.pt\/etiqueta\/neemias-queta\/\" target=\"_blank\" rel=\"noreferrer noopener nofollow\">campanha de Neemias Queta na NBA<\/a>.<\/p>\n","protected":false},"excerpt":{"rendered":"&#8211; Advertisement &#8211; Na madrugada desta ter\u00e7a-feira, os Boston Celtics viajaram at\u00e9 Indiana para enfrentar os Pacers, a&hellip;\n","protected":false},"author":2,"featured_media":228351,"comment_status":"","ping_status":"","sticky":false,"template":"","format":"standard","meta":{"footnotes":""},"categories":[87],"tags":[260,22992,135,478,39864,19519,7471,32,33,134],"class_list":{"0":"post-228350","1":"post","2":"type-post","3":"status-publish","4":"format-standard","5":"has-post-thumbnail","7":"category-desporto","8":"tag-atualidade","9":"tag-boston-celtics","10":"tag-desporto","11":"tag-destaques-bnr","12":"tag-indiana-pacers","13":"tag-nba","14":"tag-neemias-queta","15":"tag-portugal","16":"tag-pt","17":"tag-sports"},"share_on_mastodon":{"url":"https:\/\/pubeurope.com\/@pt\/115893782757042122","error":""},"_links":{"self":[{"href":"https:\/\/www.europesays.com\/pt\/wp-json\/wp\/v2\/posts\/228350","targetHints":{"allow":["GET"]}}],"collection":[{"href":"https:\/\/www.europesays.com\/pt\/wp-json\/wp\/v2\/posts"}],"about":[{"href":"https:\/\/www.europesays.com\/pt\/wp-json\/wp\/v2\/types\/post"}],"author":[{"embeddable":true,"href":"https:\/\/www.europesays.com\/pt\/wp-json\/wp\/v2\/users\/2"}],"replies":[{"embeddable":true,"href":"https:\/\/www.europesays.com\/pt\/wp-json\/wp\/v2\/comments?post=228350"}],"version-history":[{"count":0,"href":"https:\/\/www.europesays.com\/pt\/wp-json\/wp\/v2\/posts\/228350\/revisions"}],"wp:featuredmedia":[{"embeddable":true,"href":"https:\/\/www.europesays.com\/pt\/wp-json\/wp\/v2\/media\/228351"}],"wp:attachment":[{"href":"https:\/\/www.europesays.com\/pt\/wp-json\/wp\/v2\/media?parent=228350"}],"wp:term":[{"taxonomy":"category","embeddable":true,"href":"https:\/\/www.europesays.com\/pt\/wp-json\/wp\/v2\/categories?post=228350"},{"taxonomy":"post_tag","embeddable":true,"href":"https:\/\/www.europesays.com\/pt\/wp-json\/wp\/v2\/tags?post=228350"}],"curies":[{"name":"wp","href":"https:\/\/api.w.org\/{rel}","templated":true}]}}