{"id":228353,"date":"2026-01-14T13:53:14","date_gmt":"2026-01-14T13:53:14","guid":{"rendered":"https:\/\/www.europesays.com\/pt\/228353\/"},"modified":"2026-01-14T13:53:14","modified_gmt":"2026-01-14T13:53:14","slug":"vem-ai-em-amor-a-prova-amalia-chantageia-carlos-com-video-humilhante-novelas","status":"publish","type":"post","link":"https:\/\/www.europesays.com\/pt\/228353\/","title":{"rendered":"Vem a\u00ed em \u00abAmor \u00e0 Prova\u00bb: Am\u00e1lia chantageia Carlos com v\u00eddeo humilhante &#8211; Novelas"},"content":{"rendered":"<p>Em \u00abAmor \u00e0 Prova\u00bb, <a href=\"https:\/\/tvi.iol.pt\/novelas\/videos\/amor-a-prova-carlos-e-o-ex-marido-de-amalia-e-sabe-o-grande-segredo-dela\/695bfd210cf28fe4304aaf37\" rel=\"nofollow noopener\" target=\"_blank\">Carlos (Rodrigo Trindade)<\/a> chega \u00e0 empresa com o curativo na cara e Simone (Susana Arrais) pergunta-lhe se est\u00e1 tudo bem. Ele disfar\u00e7a e diz que bateu num arm\u00e1rio. Depois recebe um v\u00eddeo de <a href=\"https:\/\/tvi.iol.pt\/novelas\/videos\/amor-a-prova-diagnostico-de-david-sobre-nico-deixa-amalia-desconfiada\/695b90410cf229bd2f8f91d8\" rel=\"nofollow noopener\" target=\"_blank\">Am\u00e1lia (Ana Guiomar),<\/a> onde se v\u00ea ele a ser escorra\u00e7ado da casa de apostas e fica furioso. V\u00edtor (Diogo Infante) tamb\u00e9m repara no curativo e pergunta a Carlos se a m\u00e3e lhe bateu.<\/p>\n<p>Am\u00e1lia envia um \u00e1udio a Carlos para o avisar que se falar dos seus contracetivos a algu\u00e9m, ela mostra o v\u00eddeo dele a ser escorra\u00e7ado da casa de apostas.<\/p>\n<p>De relembrar que eles escondem mais do que parece:<\/p>\n","protected":false},"excerpt":{"rendered":"Em \u00abAmor \u00e0 Prova\u00bb, Carlos (Rodrigo Trindade) chega \u00e0 empresa com o curativo na cara e Simone (Susana&hellip;\n","protected":false},"author":2,"featured_media":218487,"comment_status":"","ping_status":"","sticky":false,"template":"","format":"standard","meta":{"footnotes":""},"categories":[85],"tags":[13714,17049,160,22534,166,114,115,157,167,164,161,158,165,159,32,33,156,42437,163,162],"class_list":{"0":"post-228353","1":"post","2":"type-post","3":"status-publish","4":"format-standard","5":"has-post-thumbnail","7":"category-entretenimento","8":"tag-amalia","9":"tag-amor-a-prova","10":"tag-ana-guiomar","11":"tag-carlos","12":"tag-cristina-ferreira","13":"tag-entertainment","14":"tag-entretenimento","15":"tag-festa-e-festa","16":"tag-ficcao","17":"tag-jose-fidalgo","18":"tag-novelas","19":"tag-para-sempre","20":"tag-pedro-sousa","21":"tag-pedro-teixeira","22":"tag-portugal","23":"tag-pt","24":"tag-queridos-papas","25":"tag-rodrigo-trindade","26":"tag-tiago-teotonio-pereira","27":"tag-tvi"},"share_on_mastodon":{"url":"https:\/\/pubeurope.com\/@pt\/115893790506910130","error":""},"_links":{"self":[{"href":"https:\/\/www.europesays.com\/pt\/wp-json\/wp\/v2\/posts\/228353","targetHints":{"allow":["GET"]}}],"collection":[{"href":"https:\/\/www.europesays.com\/pt\/wp-json\/wp\/v2\/posts"}],"about":[{"href":"https:\/\/www.europesays.com\/pt\/wp-json\/wp\/v2\/types\/post"}],"author":[{"embeddable":true,"href":"https:\/\/www.europesays.com\/pt\/wp-json\/wp\/v2\/users\/2"}],"replies":[{"embeddable":true,"href":"https:\/\/www.europesays.com\/pt\/wp-json\/wp\/v2\/comments?post=228353"}],"version-history":[{"count":0,"href":"https:\/\/www.europesays.com\/pt\/wp-json\/wp\/v2\/posts\/228353\/revisions"}],"wp:featuredmedia":[{"embeddable":true,"href":"https:\/\/www.europesays.com\/pt\/wp-json\/wp\/v2\/media\/218487"}],"wp:attachment":[{"href":"https:\/\/www.europesays.com\/pt\/wp-json\/wp\/v2\/media?parent=228353"}],"wp:term":[{"taxonomy":"category","embeddable":true,"href":"https:\/\/www.europesays.com\/pt\/wp-json\/wp\/v2\/categories?post=228353"},{"taxonomy":"post_tag","embeddable":true,"href":"https:\/\/www.europesays.com\/pt\/wp-json\/wp\/v2\/tags?post=228353"}],"curies":[{"name":"wp","href":"https:\/\/api.w.org\/{rel}","templated":true}]}}