{"id":228354,"date":"2026-01-14T13:54:17","date_gmt":"2026-01-14T13:54:17","guid":{"rendered":"https:\/\/www.europesays.com\/pt\/228354\/"},"modified":"2026-01-14T13:54:17","modified_gmt":"2026-01-14T13:54:17","slug":"apple-escolhe-google-para-potenciar-siri-com-ia-em-acordo-de-930-milhoes-de-euros-por-ano","status":"publish","type":"post","link":"https:\/\/www.europesays.com\/pt\/228354\/","title":{"rendered":"Apple escolhe Google para potenciar Siri com IA em acordo de 930 milh\u00f5es de euros por ano"},"content":{"rendered":"<p>A Apple anunciou que escolheu a Google para fornecer a tecnologia de intelig\u00eancia artificial (IA) que ir\u00e1 suportar futuras funcionalidades da Apple Intelligence, incluindo uma vers\u00e3o mais personalizada do Siri prevista para este ano.<\/p>\n<p>A parceria plurianual ir\u00e1 recorrer aos modelos Gemini da Google e \u00e0 sua tecnologia de cloud para os futuros modelos fundamentais da Apple. Em comunicado, a Apple sublinha: \u201cAp\u00f3s uma avalia\u00e7\u00e3o cuidadosa, determin\u00e1mos que a tecnologia da Google fornece a base mais capaz para os Apple Foundation Models e estamos entusiasmados com as novas experi\u00eancias inovadoras que ir\u00e1 desbloquear para os nossos utilizadores.\u201d<\/p>\n<p>A Apple Intelligence continuar\u00e1 a funcionar nos dispositivos Apple e no Private Cloud Compute da empresa, mantendo os padr\u00f5es de privacidade caracter\u00edsticos da marca.<\/p>\n<p>Jeff Dean, cientista-chefe da Google DeepMind e respons\u00e1vel pelo projeto Gemini, comentou nas redes sociais: \u201cEstou entusiasmado por nos associarmos \u00e0 Apple para levar os modelos Gemini aos utilizadores Apple, potenciando as funcionalidades da Apple Intelligence!\u201d<\/p>\n<p>O an\u00fancio gerou tamb\u00e9m cr\u00edticas. Elon Musk, fundador da xAI, empresa respons\u00e1vel pelo chatbot Grok, comentou na sua conta X: \u201cIsto parece uma concentra\u00e7\u00e3o de poder irrazo\u00e1vel para a Google, dado que tamb\u00e9m controlam o Android e o Chrome.\u201d<\/p>\n<p>Apesar de alguns desafios recentes da Google, o acordo \u00e9 visto como um sinal crescente de confian\u00e7a na tecnologia de IA da empresa e refor\u00e7a a rivalidade com a OpenAI.<\/p>\n<p>A colabora\u00e7\u00e3o j\u00e1 tinha sido antecipada em novembro, atrav\u00e9s de uma campanha publicit\u00e1ria conjunta entre Apple e Google. No an\u00fancio, que comparava o iPhone 17 Pro com o Google Pixel 10 Pro, o iPhone dizia ao Pixel:<br \/>\u201cFazes coisas primeiro que me mostram o caminho, como melhorar fotos, filtrar chamadas ou criar um assistente de IA com quem se pode conversar de forma real.\u201d<\/p>\n<p>Reportagens da Bloomberg em agosto tamb\u00e9m revelaram que a Apple estava em negocia\u00e7\u00f5es iniciais para usar um modelo Gemini personalizado no novo Siri. O acordo dever\u00e1 custar \u00e0 Apple cerca de 930 milh\u00f5es de euros por ano.<\/p>\n","protected":false},"excerpt":{"rendered":"A Apple anunciou que escolheu a Google para fornecer a tecnologia de intelig\u00eancia artificial (IA) que ir\u00e1 suportar&hellip;\n","protected":false},"author":2,"featured_media":228355,"comment_status":"","ping_status":"","sticky":false,"template":"","format":"standard","meta":{"footnotes":""},"categories":[84],"tags":[109,107,108,32,33,105,103,104,106,110],"class_list":{"0":"post-228354","1":"post","2":"type-post","3":"status-publish","4":"format-standard","5":"has-post-thumbnail","7":"category-ciencia-e-tecnologia","8":"tag-ciencia","9":"tag-ciencia-e-tecnologia","10":"tag-cienciaetecnologia","11":"tag-portugal","12":"tag-pt","13":"tag-science","14":"tag-science-and-technology","15":"tag-scienceandtechnology","16":"tag-technology","17":"tag-tecnologia"},"share_on_mastodon":{"url":"https:\/\/pubeurope.com\/@pt\/115893794467844051","error":""},"_links":{"self":[{"href":"https:\/\/www.europesays.com\/pt\/wp-json\/wp\/v2\/posts\/228354","targetHints":{"allow":["GET"]}}],"collection":[{"href":"https:\/\/www.europesays.com\/pt\/wp-json\/wp\/v2\/posts"}],"about":[{"href":"https:\/\/www.europesays.com\/pt\/wp-json\/wp\/v2\/types\/post"}],"author":[{"embeddable":true,"href":"https:\/\/www.europesays.com\/pt\/wp-json\/wp\/v2\/users\/2"}],"replies":[{"embeddable":true,"href":"https:\/\/www.europesays.com\/pt\/wp-json\/wp\/v2\/comments?post=228354"}],"version-history":[{"count":0,"href":"https:\/\/www.europesays.com\/pt\/wp-json\/wp\/v2\/posts\/228354\/revisions"}],"wp:featuredmedia":[{"embeddable":true,"href":"https:\/\/www.europesays.com\/pt\/wp-json\/wp\/v2\/media\/228355"}],"wp:attachment":[{"href":"https:\/\/www.europesays.com\/pt\/wp-json\/wp\/v2\/media?parent=228354"}],"wp:term":[{"taxonomy":"category","embeddable":true,"href":"https:\/\/www.europesays.com\/pt\/wp-json\/wp\/v2\/categories?post=228354"},{"taxonomy":"post_tag","embeddable":true,"href":"https:\/\/www.europesays.com\/pt\/wp-json\/wp\/v2\/tags?post=228354"}],"curies":[{"name":"wp","href":"https:\/\/api.w.org\/{rel}","templated":true}]}}